{"id":1838,"date":"2017-06-13T10:11:07","date_gmt":"2017-06-13T10:11:07","guid":{"rendered":"http:\/\/cfepila.com\/?p=1838"},"modified":"2017-06-13T10:11:42","modified_gmt":"2017-06-13T10:11:42","slug":"ibanez-nueva-incorporacion-del-cf-epila","status":"publish","type":"post","link":"https:\/\/cfepila.com\/?p=1838","title":{"rendered":"Iba\u00f1ez, nueva incorporaci\u00f3n del CF EPILA"},"content":{"rendered":"<p>Anunciamos que &nbsp;Jose Ignacio Iba\u00f1ez, natural de Cari\u00f1ena y procedente de La Almunia, se incorpora a la disciplina del primer equipo para reforzar el centro del campo epilense.<\/p>\n<p><img data-recalc-dims=\"1\" loading=\"lazy\" decoding=\"async\" data-attachment-id=\"1842\" data-permalink=\"https:\/\/cfepila.com\/?attachment_id=1842\" data-orig-file=\"https:\/\/i0.wp.com\/cfepila.com\/wp-content\/uploads\/2017\/06\/Iba%C3%B1ez.jpg?fit=750%2C391&amp;ssl=1\" data-orig-size=\"750,391\" data-comments-opened=\"1\" data-image-meta=\"{&quot;aperture&quot;:&quot;0&quot;,&quot;credit&quot;:&quot;&quot;,&quot;camera&quot;:&quot;&quot;,&quot;caption&quot;:&quot;&quot;,&quot;created_timestamp&quot;:&quot;0&quot;,&quot;copyright&quot;:&quot;&quot;,&quot;focal_length&quot;:&quot;0&quot;,&quot;iso&quot;:&quot;0&quot;,&quot;shutter_speed&quot;:&quot;0&quot;,&quot;title&quot;:&quot;&quot;,&quot;orientation&quot;:&quot;0&quot;}\" data-image-title=\"Iba\u00f1ez\" data-image-description=\"\" data-image-caption=\"\" data-large-file=\"https:\/\/i0.wp.com\/cfepila.com\/wp-content\/uploads\/2017\/06\/Iba%C3%B1ez.jpg?fit=640%2C334&amp;ssl=1\" class=\"aligncenter size-full wp-image-1842\" src=\"https:\/\/i0.wp.com\/cfepila.com\/wp-content\/uploads\/2017\/06\/Iba%C3%B1ez.jpg?resize=640%2C334\" alt=\"\" width=\"640\" height=\"334\" srcset=\"https:\/\/i0.wp.com\/cfepila.com\/wp-content\/uploads\/2017\/06\/Iba%C3%B1ez.jpg?w=750&amp;ssl=1 750w, https:\/\/i0.wp.com\/cfepila.com\/wp-content\/uploads\/2017\/06\/Iba%C3%B1ez.jpg?resize=300%2C156&amp;ssl=1 300w\" sizes=\"auto, (max-width: 640px) 100vw, 640px\" \/><\/p>\n<p>Esperamos que podamos vivir muchos triunfos juntos.<\/p>\n<p>A\u00fapa el CF EPILA!<\/p>\n","protected":false},"excerpt":{"rendered":"<p>Anunciamos que &nbsp;Jose Ignacio Iba\u00f1ez, natural de Cari\u00f1ena y procedente de La Almunia, se incorpora a la disciplina del primer equipo para reforzar el centro del campo epilense. Esperamos que podamos vivir muchos triunfos juntos. A\u00fapa el CF EPILA!<\/p>\n","protected":false},"author":1,"featured_media":1842,"comment_status":"open","ping_status":"open","sticky":false,"template":"","format":"standard","meta":{"ngg_post_thumbnail":0,"jetpack_post_was_ever_published":false,"_jetpack_newsletter_access":"","_jetpack_dont_email_post_to_subs":false,"_jetpack_newsletter_tier_id":0,"_jetpack_memberships_contains_paywalled_content":false,"_jetpack_memberships_contains_paid_content":false,"footnotes":"","jetpack_publicize_message":"","jetpack_publicize_feature_enabled":true,"jetpack_social_post_already_shared":false,"jetpack_social_options":{"image_generator_settings":{"template":"highway","default_image_id":0,"font":"","enabled":false},"version":2}},"categories":[23],"tags":[9,28,124,112,123],"class_list":["post-1838","post","type-post","status-publish","format-standard","has-post-thumbnail","hentry","category-actualidad","tag-cf-epila","tag-epila","tag-ibanez","tag-incorporaciones","tag-jose-ignacio-ibanez"],"jetpack_publicize_connections":[],"jetpack_featured_media_url":"https:\/\/i0.wp.com\/cfepila.com\/wp-content\/uploads\/2017\/06\/Iba%C3%B1ez.jpg?fit=750%2C391&ssl=1","jetpack_sharing_enabled":true,"jetpack_shortlink":"https:\/\/wp.me\/pa0Ojp-tE","jetpack-related-posts":[],"jetpack_likes_enabled":true,"_links":{"self":[{"href":"https:\/\/cfepila.com\/index.php?rest_route=\/wp\/v2\/posts\/1838","targetHints":{"allow":["GET"]}}],"collection":[{"href":"https:\/\/cfepila.com\/index.php?rest_route=\/wp\/v2\/posts"}],"about":[{"href":"https:\/\/cfepila.com\/index.php?rest_route=\/wp\/v2\/types\/post"}],"author":[{"embeddable":true,"href":"https:\/\/cfepila.com\/index.php?rest_route=\/wp\/v2\/users\/1"}],"replies":[{"embeddable":true,"href":"https:\/\/cfepila.com\/index.php?rest_route=%2Fwp%2Fv2%2Fcomments&post=1838"}],"version-history":[{"count":3,"href":"https:\/\/cfepila.com\/index.php?rest_route=\/wp\/v2\/posts\/1838\/revisions"}],"predecessor-version":[{"id":1843,"href":"https:\/\/cfepila.com\/index.php?rest_route=\/wp\/v2\/posts\/1838\/revisions\/1843"}],"wp:featuredmedia":[{"embeddable":true,"href":"https:\/\/cfepila.com\/index.php?rest_route=\/wp\/v2\/media\/1842"}],"wp:attachment":[{"href":"https:\/\/cfepila.com\/index.php?rest_route=%2Fwp%2Fv2%2Fmedia&parent=1838"}],"wp:term":[{"taxonomy":"category","embeddable":true,"href":"https:\/\/cfepila.com\/index.php?rest_route=%2Fwp%2Fv2%2Fcategories&post=1838"},{"taxonomy":"post_tag","embeddable":true,"href":"https:\/\/cfepila.com\/index.php?rest_route=%2Fwp%2Fv2%2Ftags&post=1838"}],"curies":[{"name":"wp","href":"https:\/\/api.w.org\/{rel}","templated":true}]}}