{"id":2028,"date":"2017-08-21T09:35:09","date_gmt":"2017-08-21T09:35:09","guid":{"rendered":"http:\/\/cfepila.com\/?p=2028"},"modified":"2017-08-21T09:35:09","modified_gmt":"2017-08-21T09:35:09","slug":"actur-liga-nacional-juvenil-1-2-epila","status":"publish","type":"post","link":"https:\/\/cfepila.com\/?p=2028","title":{"rendered":"Actur Liga Nacional Juvenil 1-2 \u00c9pila\u00a0\u00a0"},"content":{"rendered":"<p>El \u00c9pila venci\u00f3 al Actur en el partido de pretemporada. Los visitantes jugaron un gran encuentro, con buenas combinaciones de todos los jugadores. <strong>Mono y Aladr\u00e9n<\/strong> fueron los art\u00edfices de los goles.<\/p>\n<p>En la primera parte, el \u00c9pila tuvo m\u00e1s <strong>control de bal\u00f3n<\/strong>. Pero, se mostr\u00f3 algo err\u00e1tico en los primeros compases del encuentro.\u00a0 Los visitantes tuvieron muchas p\u00e9rdidas de bal\u00f3n. La primera ocasi\u00f3n lleg\u00f3 de parte de Diloy, que lo intent\u00f3 con un tiro lejano.<\/p>\n<p>En el minuto 15, lleg\u00f3 el primer gol del choque. <strong>Mono<\/strong> remata solo dentro del \u00e1rea peque\u00f1a tras un centro de <strong>Pablo Garc\u00eda<\/strong> por la banda derecha. Ocho minutos m\u00e1s tarde,<strong> Iv\u00e1n Aladr\u00e9n<\/strong> marc\u00f3 el segundo gol del partido con un tiro muy lejano que se cuela en la escuadra derecha del arquero.<\/p>\n<p>Tras unos minutos de indecisi\u00f3n, <strong>Amizicia<\/strong> tuvo una buena ocasi\u00f3n para batir al portero pero su tiro se va fuera. Los mejores jugadores del encuentro eran <strong>Diloy, Aladr\u00e9n y Amizicia<\/strong> con una actuaci\u00f3n destacada.<\/p>\n<h3>Buen juego colectivo<\/h3>\n<p>El \u00c9pila combin\u00f3 muy bien entre l\u00edneas y realiz\u00f3 un buen juego en equipo. Pero, el Actur aprovech\u00f3 una recuperaci\u00f3n de bal\u00f3n en el centro del campo para marcar el primer gol. Un jugador golpe\u00f3 el esf\u00e9rico desde muy lejos para sorprender a <strong>Fabre. <\/strong>El bal\u00f3n se col\u00f3 por la escuadra derecha del portero.<\/p>\n<p>En la segunda parte, El \u00c9pila realiz\u00f3 dos cambios. <strong>Alet\u00e1 y Us\u00f3n<\/strong> entraron por <strong>Fabre e Ib\u00e1\u00f1ez,<\/strong> respectivamente. <strong>Amizicia<\/strong> goz\u00f3 de la primera ocasi\u00f3n de la segunda mitad, pero su internada por la banda no encontr\u00f3 rematador. El \u00c9pila comenz\u00f3 mucho mejor esta parte y se asent\u00f3 bien en el campo.<\/p>\n<p><a href=\"https:\/\/i0.wp.com\/cfepila.com\/wp-content\/uploads\/2017\/08\/actur-2.jpeg\"><img data-recalc-dims=\"1\" loading=\"lazy\" decoding=\"async\" data-attachment-id=\"2030\" data-permalink=\"https:\/\/cfepila.com\/?attachment_id=2030\" data-orig-file=\"https:\/\/i0.wp.com\/cfepila.com\/wp-content\/uploads\/2017\/08\/actur-2.jpeg?fit=1600%2C1200&amp;ssl=1\" data-orig-size=\"1600,1200\" data-comments-opened=\"1\" data-image-meta=\"{&quot;aperture&quot;:&quot;0&quot;,&quot;credit&quot;:&quot;&quot;,&quot;camera&quot;:&quot;&quot;,&quot;caption&quot;:&quot;&quot;,&quot;created_timestamp&quot;:&quot;0&quot;,&quot;copyright&quot;:&quot;&quot;,&quot;focal_length&quot;:&quot;0&quot;,&quot;iso&quot;:&quot;0&quot;,&quot;shutter_speed&quot;:&quot;0&quot;,&quot;title&quot;:&quot;&quot;,&quot;orientation&quot;:&quot;0&quot;}\" data-image-title=\"actur 2\" data-image-description=\"\" data-image-caption=\"\" data-large-file=\"https:\/\/i0.wp.com\/cfepila.com\/wp-content\/uploads\/2017\/08\/actur-2.jpeg?fit=640%2C480&amp;ssl=1\" class=\"alignnone  wp-image-2030\" src=\"https:\/\/i0.wp.com\/cfepila.com\/wp-content\/uploads\/2017\/08\/actur-2.jpeg?resize=396%2C298\" alt=\"\" width=\"396\" height=\"298\" srcset=\"https:\/\/i0.wp.com\/cfepila.com\/wp-content\/uploads\/2017\/08\/actur-2.jpeg?resize=300%2C225&amp;ssl=1 300w, https:\/\/i0.wp.com\/cfepila.com\/wp-content\/uploads\/2017\/08\/actur-2.jpeg?resize=768%2C576&amp;ssl=1 768w, https:\/\/i0.wp.com\/cfepila.com\/wp-content\/uploads\/2017\/08\/actur-2.jpeg?resize=1024%2C768&amp;ssl=1 1024w, https:\/\/i0.wp.com\/cfepila.com\/wp-content\/uploads\/2017\/08\/actur-2.jpeg?resize=285%2C214&amp;ssl=1 285w, https:\/\/i0.wp.com\/cfepila.com\/wp-content\/uploads\/2017\/08\/actur-2.jpeg?w=1600&amp;ssl=1 1600w, https:\/\/i0.wp.com\/cfepila.com\/wp-content\/uploads\/2017\/08\/actur-2.jpeg?w=1280 1280w\" sizes=\"auto, (max-width: 396px) 100vw, 396px\" \/><\/a><\/p>\n<p>Miguel Catal\u00e1n segu\u00eda moviendo el banquillo y realiz\u00f3 otros dos cambios en el minuto 60. <strong>Miguel Sanz y Vakerito<\/strong> entraron por <strong>Rubi y Amizicia<\/strong>. Poco despu\u00e9s, el \u00c9pila tuvo una doble oportunidad de marcar gol. Pero, los tiros de Mono y Diloy se estrellaron contra la defensa del Actur.<\/p>\n<p>Los instantes finales del partido transcurrieron con ocasiones de los dos equipos. <strong>Vakerito<\/strong> tuvo en sus botas marcar el tercer gol, pero su disparo se fue desviado. En el minuto 84, <strong>Alet\u00e1<\/strong> para un mano a mano de un delantero del Actur.<\/p>\n<p>Desde el C.F \u00c9pila, le desea lo mejor al Actur en el transcurso de la Liga Nacional Juvenil.<\/p>\n","protected":false},"excerpt":{"rendered":"<p>El \u00c9pila venci\u00f3 al Actur en el partido de pretemporada. Los visitantes jugaron un gran encuentro, con buenas combinaciones de todos los jugadores. Mono y Aladr\u00e9n fueron los art\u00edfices de los goles. En la primera parte, el \u00c9pila tuvo m\u00e1s control de bal\u00f3n. Pero, se mostr\u00f3 algo err\u00e1tico en los primeros compases del encuentro.\u00a0 Los<a href=\"https:\/\/cfepila.com\/?p=2028\">[&#8230;]<\/a><\/p>\n","protected":false},"author":3,"featured_media":2029,"comment_status":"open","ping_status":"open","sticky":false,"template":"","format":"standard","meta":{"ngg_post_thumbnail":0,"jetpack_post_was_ever_published":false,"_jetpack_newsletter_access":"","_jetpack_dont_email_post_to_subs":false,"_jetpack_newsletter_tier_id":0,"_jetpack_memberships_contains_paywalled_content":false,"_jetpack_memberships_contains_paid_content":false,"footnotes":"","jetpack_publicize_message":"","jetpack_publicize_feature_enabled":true,"jetpack_social_post_already_shared":false,"jetpack_social_options":{"image_generator_settings":{"template":"highway","default_image_id":0,"font":"","enabled":false},"version":2}},"categories":[23,129,18,90],"tags":[152,151,133,150,79],"class_list":["post-2028","post","type-post","status-publish","format-standard","has-post-thumbnail","hentry","category-actualidad","category-comunicacion","category-cronicas","category-goles","tag-actur","tag-aladren","tag-c-f-epila","tag-mono","tag-pretemporada"],"jetpack_publicize_connections":[],"jetpack_featured_media_url":"https:\/\/i0.wp.com\/cfepila.com\/wp-content\/uploads\/2017\/08\/actur.jpeg?fit=1600%2C1200&ssl=1","jetpack_sharing_enabled":true,"jetpack_shortlink":"https:\/\/wp.me\/pa0Ojp-wI","jetpack-related-posts":[],"jetpack_likes_enabled":true,"_links":{"self":[{"href":"https:\/\/cfepila.com\/index.php?rest_route=\/wp\/v2\/posts\/2028","targetHints":{"allow":["GET"]}}],"collection":[{"href":"https:\/\/cfepila.com\/index.php?rest_route=\/wp\/v2\/posts"}],"about":[{"href":"https:\/\/cfepila.com\/index.php?rest_route=\/wp\/v2\/types\/post"}],"author":[{"embeddable":true,"href":"https:\/\/cfepila.com\/index.php?rest_route=\/wp\/v2\/users\/3"}],"replies":[{"embeddable":true,"href":"https:\/\/cfepila.com\/index.php?rest_route=%2Fwp%2Fv2%2Fcomments&post=2028"}],"version-history":[{"count":1,"href":"https:\/\/cfepila.com\/index.php?rest_route=\/wp\/v2\/posts\/2028\/revisions"}],"predecessor-version":[{"id":2031,"href":"https:\/\/cfepila.com\/index.php?rest_route=\/wp\/v2\/posts\/2028\/revisions\/2031"}],"wp:featuredmedia":[{"embeddable":true,"href":"https:\/\/cfepila.com\/index.php?rest_route=\/wp\/v2\/media\/2029"}],"wp:attachment":[{"href":"https:\/\/cfepila.com\/index.php?rest_route=%2Fwp%2Fv2%2Fmedia&parent=2028"}],"wp:term":[{"taxonomy":"category","embeddable":true,"href":"https:\/\/cfepila.com\/index.php?rest_route=%2Fwp%2Fv2%2Fcategories&post=2028"},{"taxonomy":"post_tag","embeddable":true,"href":"https:\/\/cfepila.com\/index.php?rest_route=%2Fwp%2Fv2%2Ftags&post=2028"}],"curies":[{"name":"wp","href":"https:\/\/api.w.org\/{rel}","templated":true}]}}