{"id":2213,"date":"2018-01-04T13:46:57","date_gmt":"2018-01-04T13:46:57","guid":{"rendered":"http:\/\/cfepila.com\/?p=2213"},"modified":"2018-01-04T13:46:57","modified_gmt":"2018-01-04T13:46:57","slug":"javier-moscardo-nuevo-refuerzo-para-la-delantera-del-cf-epila","status":"publish","type":"post","link":"https:\/\/cfepila.com\/?p=2213","title":{"rendered":"Javier Moscard\u00f3, nuevo refuerzo para la delantera del CF \u00c9PILA"},"content":{"rendered":"<p>Desde el club damos la bienvenida a Javier Moscard\u00f3, procedente del Valdefierro de 3\u00aa Divisi\u00f3n.<\/p>\n<p>El experimentado delantero ha formado parte de varios equipos de 3\u00aa Divisi\u00f3n como son CF Andorra, CD Teruel y SD Tarazona entre otros.<\/p>\n<p>Esperamos poder celebrar muchos goles con tu sello directo o indirecto.<\/p>\n<p><img data-recalc-dims=\"1\" loading=\"lazy\" decoding=\"async\" data-attachment-id=\"2209\" data-permalink=\"https:\/\/cfepila.com\/?attachment_id=2209\" data-orig-file=\"https:\/\/i0.wp.com\/cfepila.com\/wp-content\/uploads\/2018\/01\/IMG_8036.jpg?fit=790%2C527&amp;ssl=1\" data-orig-size=\"790,527\" data-comments-opened=\"1\" data-image-meta=\"{&quot;aperture&quot;:&quot;0&quot;,&quot;credit&quot;:&quot;&quot;,&quot;camera&quot;:&quot;&quot;,&quot;caption&quot;:&quot;&quot;,&quot;created_timestamp&quot;:&quot;0&quot;,&quot;copyright&quot;:&quot;&quot;,&quot;focal_length&quot;:&quot;0&quot;,&quot;iso&quot;:&quot;0&quot;,&quot;shutter_speed&quot;:&quot;0&quot;,&quot;title&quot;:&quot;&quot;,&quot;orientation&quot;:&quot;1&quot;}\" data-image-title=\"IMG_8036\" data-image-description=\"\" data-image-caption=\"\" data-large-file=\"https:\/\/i0.wp.com\/cfepila.com\/wp-content\/uploads\/2018\/01\/IMG_8036.jpg?fit=640%2C427&amp;ssl=1\" class=\"aligncenter size-full wp-image-2209\" src=\"https:\/\/i0.wp.com\/cfepila.com\/wp-content\/uploads\/2018\/01\/IMG_8036.jpg?resize=640%2C427\" alt=\"\" width=\"640\" height=\"427\" srcset=\"https:\/\/i0.wp.com\/cfepila.com\/wp-content\/uploads\/2018\/01\/IMG_8036.jpg?w=790&amp;ssl=1 790w, https:\/\/i0.wp.com\/cfepila.com\/wp-content\/uploads\/2018\/01\/IMG_8036.jpg?resize=300%2C200&amp;ssl=1 300w, https:\/\/i0.wp.com\/cfepila.com\/wp-content\/uploads\/2018\/01\/IMG_8036.jpg?resize=768%2C512&amp;ssl=1 768w, https:\/\/i0.wp.com\/cfepila.com\/wp-content\/uploads\/2018\/01\/IMG_8036.jpg?resize=750%2C500&amp;ssl=1 750w\" sizes=\"auto, (max-width: 640px) 100vw, 640px\" \/><\/p>\n<p>Bienvenido Javi!<\/p>\n","protected":false},"excerpt":{"rendered":"<p>Desde el club damos la bienvenida a Javier Moscard\u00f3, procedente del Valdefierro de 3\u00aa Divisi\u00f3n. El experimentado delantero ha formado parte de varios equipos de 3\u00aa Divisi\u00f3n como son CF Andorra, CD Teruel y SD Tarazona entre otros. Esperamos poder celebrar muchos goles con tu sello directo o indirecto. Bienvenido Javi!<\/p>\n","protected":false},"author":1,"featured_media":2209,"comment_status":"open","ping_status":"open","sticky":false,"template":"","format":"standard","meta":{"ngg_post_thumbnail":0,"jetpack_post_was_ever_published":false,"_jetpack_newsletter_access":"","_jetpack_dont_email_post_to_subs":false,"_jetpack_newsletter_tier_id":0,"_jetpack_memberships_contains_paywalled_content":false,"_jetpack_memberships_contains_paid_content":false,"footnotes":"","jetpack_publicize_message":"","jetpack_publicize_feature_enabled":true,"jetpack_social_post_already_shared":false,"jetpack_social_options":{"image_generator_settings":{"template":"highway","default_image_id":0,"font":"","enabled":false},"version":2}},"categories":[23,130],"tags":[9,28,182],"class_list":["post-2213","post","type-post","status-publish","format-standard","has-post-thumbnail","hentry","category-actualidad","category-incorporaciones","tag-cf-epila","tag-epila","tag-javier-moscardo"],"jetpack_publicize_connections":[],"jetpack_featured_media_url":"https:\/\/i0.wp.com\/cfepila.com\/wp-content\/uploads\/2018\/01\/IMG_8036.jpg?fit=790%2C527&ssl=1","jetpack_sharing_enabled":true,"jetpack_shortlink":"https:\/\/wp.me\/pa0Ojp-zH","jetpack-related-posts":[],"jetpack_likes_enabled":true,"_links":{"self":[{"href":"https:\/\/cfepila.com\/index.php?rest_route=\/wp\/v2\/posts\/2213","targetHints":{"allow":["GET"]}}],"collection":[{"href":"https:\/\/cfepila.com\/index.php?rest_route=\/wp\/v2\/posts"}],"about":[{"href":"https:\/\/cfepila.com\/index.php?rest_route=\/wp\/v2\/types\/post"}],"author":[{"embeddable":true,"href":"https:\/\/cfepila.com\/index.php?rest_route=\/wp\/v2\/users\/1"}],"replies":[{"embeddable":true,"href":"https:\/\/cfepila.com\/index.php?rest_route=%2Fwp%2Fv2%2Fcomments&post=2213"}],"version-history":[{"count":1,"href":"https:\/\/cfepila.com\/index.php?rest_route=\/wp\/v2\/posts\/2213\/revisions"}],"predecessor-version":[{"id":2214,"href":"https:\/\/cfepila.com\/index.php?rest_route=\/wp\/v2\/posts\/2213\/revisions\/2214"}],"wp:featuredmedia":[{"embeddable":true,"href":"https:\/\/cfepila.com\/index.php?rest_route=\/wp\/v2\/media\/2209"}],"wp:attachment":[{"href":"https:\/\/cfepila.com\/index.php?rest_route=%2Fwp%2Fv2%2Fmedia&parent=2213"}],"wp:term":[{"taxonomy":"category","embeddable":true,"href":"https:\/\/cfepila.com\/index.php?rest_route=%2Fwp%2Fv2%2Fcategories&post=2213"},{"taxonomy":"post_tag","embeddable":true,"href":"https:\/\/cfepila.com\/index.php?rest_route=%2Fwp%2Fv2%2Ftags&post=2213"}],"curies":[{"name":"wp","href":"https:\/\/api.w.org\/{rel}","templated":true}]}}