{"id":2259,"date":"2018-01-28T18:13:39","date_gmt":"2018-01-28T18:13:39","guid":{"rendered":"http:\/\/cfepila.com\/?p=2259"},"modified":"2018-02-05T12:54:49","modified_gmt":"2018-02-05T12:54:49","slug":"calatayud-1-0-epila","status":"publish","type":"post","link":"https:\/\/cfepila.com\/?p=2259","title":{"rendered":"AT. Calatayud 1 &#8211; 0 CF \u00c9pila"},"content":{"rendered":"<p>El \u00c9pila regresa con una derrota de <strong>Calatayud<\/strong>. El equipo disput\u00f3 un partido duro e intenso que acab\u00f3 sin fortuna de cara al gol. Bizen Pablo, portero de los locales, fren\u00f3 las ocasiones epilenses. Pablo Aznar marc\u00f3 el gol bilbiltano.<\/p>\n<p><a href=\"https:\/\/i0.wp.com\/cfepila.com\/wp-content\/uploads\/2018\/01\/WhatsApp-Image-2018-01-28-at-19.10.35.jpeg\"><img data-recalc-dims=\"1\" loading=\"lazy\" decoding=\"async\" data-attachment-id=\"2262\" data-permalink=\"https:\/\/cfepila.com\/?attachment_id=2262\" data-orig-file=\"https:\/\/i0.wp.com\/cfepila.com\/wp-content\/uploads\/2018\/01\/WhatsApp-Image-2018-01-28-at-19.10.35.jpeg?fit=1600%2C1200&amp;ssl=1\" data-orig-size=\"1600,1200\" data-comments-opened=\"1\" data-image-meta=\"{&quot;aperture&quot;:&quot;0&quot;,&quot;credit&quot;:&quot;&quot;,&quot;camera&quot;:&quot;&quot;,&quot;caption&quot;:&quot;&quot;,&quot;created_timestamp&quot;:&quot;0&quot;,&quot;copyright&quot;:&quot;&quot;,&quot;focal_length&quot;:&quot;0&quot;,&quot;iso&quot;:&quot;0&quot;,&quot;shutter_speed&quot;:&quot;0&quot;,&quot;title&quot;:&quot;&quot;,&quot;orientation&quot;:&quot;0&quot;}\" data-image-title=\"WhatsApp Image 2018-01-28 at 19.10.35\" data-image-description=\"\" data-image-caption=\"\" data-large-file=\"https:\/\/i0.wp.com\/cfepila.com\/wp-content\/uploads\/2018\/01\/WhatsApp-Image-2018-01-28-at-19.10.35.jpeg?fit=640%2C480&amp;ssl=1\" class=\"aligncenter wp-image-2262 size-large\" src=\"https:\/\/i0.wp.com\/cfepila.com\/wp-content\/uploads\/2018\/01\/WhatsApp-Image-2018-01-28-at-19.10.35.jpeg?resize=640%2C480\" alt=\"\" width=\"640\" height=\"480\" srcset=\"https:\/\/i0.wp.com\/cfepila.com\/wp-content\/uploads\/2018\/01\/WhatsApp-Image-2018-01-28-at-19.10.35.jpeg?resize=1024%2C768&amp;ssl=1 1024w, https:\/\/i0.wp.com\/cfepila.com\/wp-content\/uploads\/2018\/01\/WhatsApp-Image-2018-01-28-at-19.10.35.jpeg?resize=300%2C225&amp;ssl=1 300w, https:\/\/i0.wp.com\/cfepila.com\/wp-content\/uploads\/2018\/01\/WhatsApp-Image-2018-01-28-at-19.10.35.jpeg?resize=768%2C576&amp;ssl=1 768w, https:\/\/i0.wp.com\/cfepila.com\/wp-content\/uploads\/2018\/01\/WhatsApp-Image-2018-01-28-at-19.10.35.jpeg?resize=285%2C214&amp;ssl=1 285w, https:\/\/i0.wp.com\/cfepila.com\/wp-content\/uploads\/2018\/01\/WhatsApp-Image-2018-01-28-at-19.10.35.jpeg?w=1600&amp;ssl=1 1600w, https:\/\/i0.wp.com\/cfepila.com\/wp-content\/uploads\/2018\/01\/WhatsApp-Image-2018-01-28-at-19.10.35.jpeg?w=1280 1280w\" sizes=\"auto, (max-width: 640px) 100vw, 640px\" \/><\/a><\/p>\n<p>El comienzo del partido fue de tanteo. Pero, el Calatayud dominaba m\u00e1s el partido. Fabre ataj\u00f3 un bal\u00f3n en un centro peligroso. El \u00c9pila lo intent\u00f3 con la conexi\u00f3n entre Ita y Vaquerito, pero sin suerte de cara a&nbsp; puerta<strong>. Nano Rosagaray<\/strong> tambi\u00e9n lo intentaba con regates y desborde, pero la defensa bilbilitana adivin\u00f3 sus intenciones.<\/p>\n<p>En el minuto 22,<strong> Kiko<\/strong> tuvo que dejar el campo por lesi\u00f3n muscular. <strong>Zapata<\/strong> ocupar\u00eda su puesto de lateral izquierdo. Poco despu\u00e9s, el Calatayud se encontr\u00f3 con los palos. <strong>Francisco Leci\u00f1ena<\/strong> podr\u00eda haber dado ventaja a su equipo. El \u00c9pila mejor\u00f3 en el segundo tramo de la primera parte y Vaquerito casi bate al portero en un disparo.<\/p>\n<p>El juego era muy tosco, con muchas faltas.<strong> Bizen<\/strong> salv\u00f3 a su equipo al final de la primera parte atrapando un tiro de <strong>Mono. Nano e Ib\u00e1\u00f1ez<\/strong> tambi\u00e9n gozaron de buenas ocasiones, que no acabaron entre los tres palos.<\/p>\n<h4>Din\u00e1mica diferente<\/h4>\n<p>En la segunda parte,<strong> Fabre<\/strong> fren\u00f3 un lanzamiento de Pablo Aznar. El Calatayud estaba m\u00e1s enchufado y mejor posicionado en el terreno de juego. <strong>Vaquerito<\/strong> tuvo una buena ocasi\u00f3n para mover el marcador, pero el arquero detiene el esf\u00e9rico con problemas.<\/p>\n<p>El \u00c9pila movi\u00f3 el banquillo<strong>. Adri\u00e1n Molina sali\u00f3 por Berges<\/strong> en el minuto 60, central por central. Entre tanto, los locales marcaron el \u00fanico gol del encuentro. Pablo Aznar bate por raso al palo derecho a Fabre. Otro cambio que se produjo fue en la posici\u00f3n de delantero. Vaquerito dej\u00f3 su lugar a <strong>Moscard\u00f3.<\/strong><\/p>\n<p>El \u00c9pila no se relaj\u00f3 y fue a por el empate. Nano Rosagaray casi sorprende a Bizen en un lanzamiento de falta. El \u00faltimo cambio fue el <strong>Us\u00f3n por Rubi<\/strong> en la medular. Ib\u00e1\u00f1ez prob\u00f3 al portero, pero Bizen segu\u00eda imparable. El choque acab\u00f3 con un juego duro e intenso.<\/p>\n<p><a href=\"https:\/\/i0.wp.com\/cfepila.com\/wp-content\/uploads\/2018\/01\/WhatsApp-Image-2018-01-28-at-19.10.35-2.jpeg\"><img data-recalc-dims=\"1\" loading=\"lazy\" decoding=\"async\" data-attachment-id=\"2264\" data-permalink=\"https:\/\/cfepila.com\/?attachment_id=2264\" data-orig-file=\"https:\/\/i0.wp.com\/cfepila.com\/wp-content\/uploads\/2018\/01\/WhatsApp-Image-2018-01-28-at-19.10.35-2.jpeg?fit=1600%2C1200&amp;ssl=1\" data-orig-size=\"1600,1200\" data-comments-opened=\"1\" data-image-meta=\"{&quot;aperture&quot;:&quot;0&quot;,&quot;credit&quot;:&quot;&quot;,&quot;camera&quot;:&quot;&quot;,&quot;caption&quot;:&quot;&quot;,&quot;created_timestamp&quot;:&quot;0&quot;,&quot;copyright&quot;:&quot;&quot;,&quot;focal_length&quot;:&quot;0&quot;,&quot;iso&quot;:&quot;0&quot;,&quot;shutter_speed&quot;:&quot;0&quot;,&quot;title&quot;:&quot;&quot;,&quot;orientation&quot;:&quot;0&quot;}\" data-image-title=\"WhatsApp Image 2018-01-28 at 19.10.35 (2)\" data-image-description=\"\" data-image-caption=\"\" data-large-file=\"https:\/\/i0.wp.com\/cfepila.com\/wp-content\/uploads\/2018\/01\/WhatsApp-Image-2018-01-28-at-19.10.35-2.jpeg?fit=640%2C480&amp;ssl=1\" class=\"aligncenter wp-image-2264 size-large\" src=\"https:\/\/i0.wp.com\/cfepila.com\/wp-content\/uploads\/2018\/01\/WhatsApp-Image-2018-01-28-at-19.10.35-2.jpeg?resize=640%2C480\" alt=\"\" width=\"640\" height=\"480\" srcset=\"https:\/\/i0.wp.com\/cfepila.com\/wp-content\/uploads\/2018\/01\/WhatsApp-Image-2018-01-28-at-19.10.35-2.jpeg?resize=1024%2C768&amp;ssl=1 1024w, https:\/\/i0.wp.com\/cfepila.com\/wp-content\/uploads\/2018\/01\/WhatsApp-Image-2018-01-28-at-19.10.35-2.jpeg?resize=300%2C225&amp;ssl=1 300w, https:\/\/i0.wp.com\/cfepila.com\/wp-content\/uploads\/2018\/01\/WhatsApp-Image-2018-01-28-at-19.10.35-2.jpeg?resize=768%2C576&amp;ssl=1 768w, https:\/\/i0.wp.com\/cfepila.com\/wp-content\/uploads\/2018\/01\/WhatsApp-Image-2018-01-28-at-19.10.35-2.jpeg?resize=285%2C214&amp;ssl=1 285w, https:\/\/i0.wp.com\/cfepila.com\/wp-content\/uploads\/2018\/01\/WhatsApp-Image-2018-01-28-at-19.10.35-2.jpeg?w=1600&amp;ssl=1 1600w, https:\/\/i0.wp.com\/cfepila.com\/wp-content\/uploads\/2018\/01\/WhatsApp-Image-2018-01-28-at-19.10.35-2.jpeg?w=1280 1280w\" sizes=\"auto, (max-width: 640px) 100vw, 640px\" \/><\/a><\/p>\n<p>&nbsp;<\/p>\n","protected":false},"excerpt":{"rendered":"<p>El \u00c9pila regresa con una derrota de Calatayud. El equipo disput\u00f3 un partido duro e intenso que acab\u00f3 sin fortuna de cara al gol. Bizen Pablo, portero de los locales, fren\u00f3 las ocasiones epilenses. Pablo Aznar marc\u00f3 el gol bilbiltano. El comienzo del partido fue de tanteo. Pero, el Calatayud dominaba m\u00e1s el partido. Fabre<a href=\"https:\/\/cfepila.com\/?p=2259\">[&#8230;]<\/a><\/p>\n","protected":false},"author":3,"featured_media":2261,"comment_status":"open","ping_status":"open","sticky":false,"template":"","format":"standard","meta":{"ngg_post_thumbnail":0,"jetpack_post_was_ever_published":false,"_jetpack_newsletter_access":"","_jetpack_dont_email_post_to_subs":false,"_jetpack_newsletter_tier_id":0,"_jetpack_memberships_contains_paywalled_content":false,"_jetpack_memberships_contains_paid_content":false,"footnotes":"","jetpack_publicize_message":"","jetpack_publicize_feature_enabled":true,"jetpack_social_post_already_shared":false,"jetpack_social_options":{"image_generator_settings":{"template":"highway","default_image_id":0,"font":"","enabled":false},"version":2}},"categories":[23,129,18],"tags":[84,28,66,11,26],"class_list":["post-2259","post","type-post","status-publish","format-standard","has-post-thumbnail","hentry","category-actualidad","category-comunicacion","category-cronicas","tag-cronica","tag-epila","tag-federacion-aragonesa-de-futbol","tag-futbol","tag-regional-preferente"],"jetpack_publicize_connections":[],"jetpack_featured_media_url":"https:\/\/i0.wp.com\/cfepila.com\/wp-content\/uploads\/2018\/01\/WhatsApp-Image-2018-01-28-at-19.01.47.jpeg?fit=1600%2C1200&ssl=1","jetpack_sharing_enabled":true,"jetpack_shortlink":"https:\/\/wp.me\/pa0Ojp-Ar","jetpack-related-posts":[],"jetpack_likes_enabled":true,"_links":{"self":[{"href":"https:\/\/cfepila.com\/index.php?rest_route=\/wp\/v2\/posts\/2259","targetHints":{"allow":["GET"]}}],"collection":[{"href":"https:\/\/cfepila.com\/index.php?rest_route=\/wp\/v2\/posts"}],"about":[{"href":"https:\/\/cfepila.com\/index.php?rest_route=\/wp\/v2\/types\/post"}],"author":[{"embeddable":true,"href":"https:\/\/cfepila.com\/index.php?rest_route=\/wp\/v2\/users\/3"}],"replies":[{"embeddable":true,"href":"https:\/\/cfepila.com\/index.php?rest_route=%2Fwp%2Fv2%2Fcomments&post=2259"}],"version-history":[{"count":4,"href":"https:\/\/cfepila.com\/index.php?rest_route=\/wp\/v2\/posts\/2259\/revisions"}],"predecessor-version":[{"id":2273,"href":"https:\/\/cfepila.com\/index.php?rest_route=\/wp\/v2\/posts\/2259\/revisions\/2273"}],"wp:featuredmedia":[{"embeddable":true,"href":"https:\/\/cfepila.com\/index.php?rest_route=\/wp\/v2\/media\/2261"}],"wp:attachment":[{"href":"https:\/\/cfepila.com\/index.php?rest_route=%2Fwp%2Fv2%2Fmedia&parent=2259"}],"wp:term":[{"taxonomy":"category","embeddable":true,"href":"https:\/\/cfepila.com\/index.php?rest_route=%2Fwp%2Fv2%2Fcategories&post=2259"},{"taxonomy":"post_tag","embeddable":true,"href":"https:\/\/cfepila.com\/index.php?rest_route=%2Fwp%2Fv2%2Ftags&post=2259"}],"curies":[{"name":"wp","href":"https:\/\/api.w.org\/{rel}","templated":true}]}}