{"id":2305,"date":"2018-03-25T18:12:34","date_gmt":"2018-03-25T18:12:34","guid":{"rendered":"http:\/\/cfepila.com\/?p=2305"},"modified":"2018-03-26T09:36:18","modified_gmt":"2018-03-26T09:36:18","slug":"epila-2-1-alcaniz","status":"publish","type":"post","link":"https:\/\/cfepila.com\/?p=2305","title":{"rendered":"CF \u00c9pila 2 &#8211; 1 CF Alca\u00f1iz"},"content":{"rendered":"<p>El \u00c9pila consigue los tres puntos y pone fin a su mala racha. Un partido muy intenso y luchado, pero los goles de <strong>Illarramendi y Adri\u00e1n<\/strong> valen para obtener la victoria. El equipo mejor\u00f3 en la segunda parte y luch\u00f3 hasta el final.<\/p>\n<p><a href=\"https:\/\/i0.wp.com\/cfepila.com\/wp-content\/uploads\/2018\/03\/WhatsApp-Image-2018-03-25-at-19.59.40.jpeg\"><img data-recalc-dims=\"1\" loading=\"lazy\" decoding=\"async\" data-attachment-id=\"2307\" data-permalink=\"https:\/\/cfepila.com\/?attachment_id=2307\" data-orig-file=\"https:\/\/i0.wp.com\/cfepila.com\/wp-content\/uploads\/2018\/03\/WhatsApp-Image-2018-03-25-at-19.59.40.jpeg?fit=1600%2C1200&amp;ssl=1\" data-orig-size=\"1600,1200\" data-comments-opened=\"1\" data-image-meta=\"{&quot;aperture&quot;:&quot;0&quot;,&quot;credit&quot;:&quot;&quot;,&quot;camera&quot;:&quot;&quot;,&quot;caption&quot;:&quot;&quot;,&quot;created_timestamp&quot;:&quot;0&quot;,&quot;copyright&quot;:&quot;&quot;,&quot;focal_length&quot;:&quot;0&quot;,&quot;iso&quot;:&quot;0&quot;,&quot;shutter_speed&quot;:&quot;0&quot;,&quot;title&quot;:&quot;&quot;,&quot;orientation&quot;:&quot;0&quot;}\" data-image-title=\"WhatsApp Image 2018-03-25 at 19.59.40\" data-image-description=\"\" data-image-caption=\"\" data-large-file=\"https:\/\/i0.wp.com\/cfepila.com\/wp-content\/uploads\/2018\/03\/WhatsApp-Image-2018-03-25-at-19.59.40.jpeg?fit=640%2C480&amp;ssl=1\" class=\"aligncenter wp-image-2307 size-large\" src=\"https:\/\/i0.wp.com\/cfepila.com\/wp-content\/uploads\/2018\/03\/WhatsApp-Image-2018-03-25-at-19.59.40.jpeg?resize=640%2C480\" alt=\"\" width=\"640\" height=\"480\" srcset=\"https:\/\/i0.wp.com\/cfepila.com\/wp-content\/uploads\/2018\/03\/WhatsApp-Image-2018-03-25-at-19.59.40.jpeg?resize=1024%2C768&amp;ssl=1 1024w, https:\/\/i0.wp.com\/cfepila.com\/wp-content\/uploads\/2018\/03\/WhatsApp-Image-2018-03-25-at-19.59.40.jpeg?resize=300%2C225&amp;ssl=1 300w, https:\/\/i0.wp.com\/cfepila.com\/wp-content\/uploads\/2018\/03\/WhatsApp-Image-2018-03-25-at-19.59.40.jpeg?resize=768%2C576&amp;ssl=1 768w, https:\/\/i0.wp.com\/cfepila.com\/wp-content\/uploads\/2018\/03\/WhatsApp-Image-2018-03-25-at-19.59.40.jpeg?resize=285%2C214&amp;ssl=1 285w, https:\/\/i0.wp.com\/cfepila.com\/wp-content\/uploads\/2018\/03\/WhatsApp-Image-2018-03-25-at-19.59.40.jpeg?w=1600&amp;ssl=1 1600w, https:\/\/i0.wp.com\/cfepila.com\/wp-content\/uploads\/2018\/03\/WhatsApp-Image-2018-03-25-at-19.59.40.jpeg?w=1280 1280w\" sizes=\"auto, (max-width: 640px) 100vw, 640px\" \/><\/a><\/p>\n<p>&nbsp;<\/p>\n<p>El partido comenz\u00f3 con mucha intensidad, los dos equipos quer\u00edan el bal\u00f3n. La lucha en el centro del campo era descomunal. El \u00c9pila estaba mejor posicionado y domin\u00f3 gran tramo de la primera parte. <strong>Aleta<\/strong> atajaba los tiros lejanos del Alca\u00f1iz, que eran bastante flojos. En una jugada de mucho barullo en el \u00e1rea, <strong>Pelli<\/strong> se adelant\u00f3 a todos para marcar a placer.<\/p>\n<p>En la segunda parte, el \u00c9pila movi\u00f3 el banquillo para buscar resultados ante la poca eficacia en su juego. <strong>Pablo Garc\u00eda<\/strong> dej\u00f3 su puesto a<strong> Mono.<\/strong> El \u00c9pila lo intentaba, pero el Alca\u00f1iz abortaba cualquier tipo de internada con una defensa f\u00e9rrea. Otros dos cambios se produjeron en las filas locales, <strong>Vaquerito e Ib\u00e1\u00f1ez<\/strong> salieron al campo por <strong>Rubi y Vald\u00e9s.<\/strong><\/p>\n<p>La intensidad y emoci\u00f3n de los \u00faltimos minutos produjo una peque\u00f1a tangana en el encuentro <strong>Dani Alonso<\/strong> acab\u00f3 expulsado. <strong>Ita<\/strong> entr\u00f3 por Zapata al final y el \u00c9pila acabo con defensa de tres. Mono tir\u00f3 una falta que aprovech\u00f3 <strong>Illarramendi<\/strong> para marcar gol. La remontada se cumpliment\u00f3 con un gol de <strong>Adri\u00e1n<\/strong> tras un centro por la banda derecha.<\/p>\n<p><strong>Miguel Catal\u00e1n, <\/strong>entrenador del \u00c9pila, coment\u00f3 sus impresiones al t\u00e9rmino del encuentro.<\/p>\n<audio class=\"wp-audio-shortcode\" id=\"audio-2305-1\" preload=\"none\" style=\"width: 100%;\" controls=\"controls\"><source type=\"audio\/mpeg\" src=\"http:\/\/cfepila.com\/wp-content\/uploads\/2018\/03\/recording-20180325-190725.mp3?_=1\" \/><a href=\"http:\/\/cfepila.com\/wp-content\/uploads\/2018\/03\/recording-20180325-190725.mp3\">http:\/\/cfepila.com\/wp-content\/uploads\/2018\/03\/recording-20180325-190725.mp3<\/a><\/audio>\n","protected":false},"excerpt":{"rendered":"<p>El \u00c9pila consigue los tres puntos y pone fin a su mala racha. Un partido muy intenso y luchado, pero los goles de Illarramendi y Adri\u00e1n valen para obtener la victoria. El equipo mejor\u00f3 en la segunda parte y luch\u00f3 hasta el final. &nbsp; El partido comenz\u00f3 con mucha intensidad, los dos equipos quer\u00edan el<a href=\"https:\/\/cfepila.com\/?p=2305\">[&#8230;]<\/a><\/p>\n","protected":false},"author":3,"featured_media":2308,"comment_status":"open","ping_status":"open","sticky":false,"template":"","format":"standard","meta":{"ngg_post_thumbnail":0,"jetpack_post_was_ever_published":false,"_jetpack_newsletter_access":"","_jetpack_dont_email_post_to_subs":false,"_jetpack_newsletter_tier_id":0,"_jetpack_memberships_contains_paywalled_content":false,"_jetpack_memberships_contains_paid_content":false,"footnotes":"","jetpack_publicize_message":"","jetpack_publicize_feature_enabled":true,"jetpack_social_post_already_shared":false,"jetpack_social_options":{"image_generator_settings":{"template":"highway","default_image_id":0,"font":"","enabled":false},"version":2}},"categories":[23,129,90],"tags":[187,134,28,11,93,26],"class_list":["post-2305","post","type-post","status-publish","format-standard","has-post-thumbnail","hentry","category-actualidad","category-comunicacion","category-goles","tag-alcaniz","tag-deporte","tag-epila","tag-futbol","tag-futbolaragones","tag-regional-preferente"],"jetpack_publicize_connections":[],"jetpack_featured_media_url":"https:\/\/i0.wp.com\/cfepila.com\/wp-content\/uploads\/2018\/03\/WhatsApp-Image-2018-03-25-at-20.11.13.jpeg?fit=1600%2C1200&ssl=1","jetpack_sharing_enabled":true,"jetpack_shortlink":"https:\/\/wp.me\/pa0Ojp-Bb","jetpack-related-posts":[],"jetpack_likes_enabled":true,"_links":{"self":[{"href":"https:\/\/cfepila.com\/index.php?rest_route=\/wp\/v2\/posts\/2305","targetHints":{"allow":["GET"]}}],"collection":[{"href":"https:\/\/cfepila.com\/index.php?rest_route=\/wp\/v2\/posts"}],"about":[{"href":"https:\/\/cfepila.com\/index.php?rest_route=\/wp\/v2\/types\/post"}],"author":[{"embeddable":true,"href":"https:\/\/cfepila.com\/index.php?rest_route=\/wp\/v2\/users\/3"}],"replies":[{"embeddable":true,"href":"https:\/\/cfepila.com\/index.php?rest_route=%2Fwp%2Fv2%2Fcomments&post=2305"}],"version-history":[{"count":2,"href":"https:\/\/cfepila.com\/index.php?rest_route=\/wp\/v2\/posts\/2305\/revisions"}],"predecessor-version":[{"id":2310,"href":"https:\/\/cfepila.com\/index.php?rest_route=\/wp\/v2\/posts\/2305\/revisions\/2310"}],"wp:featuredmedia":[{"embeddable":true,"href":"https:\/\/cfepila.com\/index.php?rest_route=\/wp\/v2\/media\/2308"}],"wp:attachment":[{"href":"https:\/\/cfepila.com\/index.php?rest_route=%2Fwp%2Fv2%2Fmedia&parent=2305"}],"wp:term":[{"taxonomy":"category","embeddable":true,"href":"https:\/\/cfepila.com\/index.php?rest_route=%2Fwp%2Fv2%2Fcategories&post=2305"},{"taxonomy":"post_tag","embeddable":true,"href":"https:\/\/cfepila.com\/index.php?rest_route=%2Fwp%2Fv2%2Ftags&post=2305"}],"curies":[{"name":"wp","href":"https:\/\/api.w.org\/{rel}","templated":true}]}}