{"id":2332,"date":"2018-05-07T08:11:52","date_gmt":"2018-05-07T08:11:52","guid":{"rendered":"http:\/\/cfepila.com\/?p=2332"},"modified":"2018-05-12T11:14:14","modified_gmt":"2018-05-12T11:14:14","slug":"epila-1-2-fuentes","status":"publish","type":"post","link":"https:\/\/cfepila.com\/?p=2332","title":{"rendered":"CF \u00c9pila 1-2 CD Fuentes"},"content":{"rendered":"<p>El \u00c9pila sucumbe ante el potencial del Fuentes. Los locales cometieron dos fallos imperdonables que le costaron la derrota. El Fuentes aprovech\u00f3 sus ocasiones y presion\u00f3 la salida de bal\u00f3n del \u00c9pila. Nano fue el autor del gol.<\/p>\n<p>El comienzo del partido fue bastante intenso. Ambos conjuntos estaban bien posicionados en el terreno de juego. El \u00c9pila enlaz\u00f3 una buena jugada por parte de <strong>Ib\u00e1\u00f1ez y Dani Alonso<\/strong> que casi acaba en gol. Los dos equipos jugaban mucho por las bandas realizando una buena t\u00e1ctica. Los locales frenaron bien las internadas ofensivas del Fuentes.<\/p>\n<p>El \u00c9pila estaba bastante fuerte en el campo, pero no le sal\u00edan bien las jugadas en ataque. El Fuentes se encontr\u00f3 con un penalti en el minuto 23 por una dudosa falta dentro del \u00e1rea. <strong>Mono<\/strong> se tira a su izquierda y casi detiene el esf\u00e9rico. Los locales reaccionaron, <strong>Nano<\/strong> se fue r\u00e1pido por la banda y sirvi\u00f3 un pase de la muerte a Dani Alonso que casi marca.<\/p>\n<p>El \u00c9pila lo segu\u00eda intentando. <strong>Rub\u00e9n<\/strong> casi marca despu\u00e9s de varios tiros tras un c\u00f3rner a favor. Mono deten\u00eda con solvencia todos los tiros que le llegaban. Por ejemplo, un remate de cabeza de uno del Fuentes. La primera parte termin\u00f3 con un gol del delantero del Fuentes. <strong>Pacol\u00edn<\/strong> no se entiende con el portero y le env\u00eda un mal bal\u00f3n que aprovecha el delantero para marcar a placer.<\/p>\n<p>En la segunda parte, el partido sigui\u00f3 en la misma din\u00e1mica. <strong>Aladr\u00e9n<\/strong> casi bate al portero en una lanzamiento de falta. Nano marc\u00f3 en el minuto 51 de vaselina al portero que sali\u00f3 de su porter\u00eda. <strong>Miguel Catal\u00e1n<\/strong> movi\u00f3 el banquillo en busca de soluciones. <strong>Amizicia<\/strong> entr\u00f3 por Pablo Garc\u00eda en el minuto 55.&nbsp; El \u00c9pila realiz\u00f3 una buena jugada con una triangulaci\u00f3n entre Amizicia, Aladr\u00e9n y Nano que casi acaba en gol.<\/p>\n<p><strong>Vaquerito entr\u00f3 por Dani Alonso<\/strong> en el minuto 65. Poco despu\u00e9s, Rubi sustituir\u00eda a Rub\u00e9n que realiz\u00f3 un desgaste f\u00edsico importante. El \u00faltimo cambio fue Zapata por Kiko Ruberte. El \u00c9pila intent\u00f3 el gol del empate hasta el final. Nano fue el que m\u00e1s se acerc\u00f3 con tiro fuera del \u00e1rea.<\/p>\n<p>&nbsp;<\/p>\n<p>&nbsp;<\/p>\n<p>&nbsp;<\/p>\n","protected":false},"excerpt":{"rendered":"<p>El \u00c9pila sucumbe ante el potencial del Fuentes. Los locales cometieron dos fallos imperdonables que le costaron la derrota. El Fuentes aprovech\u00f3 sus ocasiones y presion\u00f3 la salida de bal\u00f3n del \u00c9pila. Nano fue el autor del gol. El comienzo del partido fue bastante intenso. Ambos conjuntos estaban bien posicionados en el terreno de juego.<a href=\"https:\/\/cfepila.com\/?p=2332\">[&#8230;]<\/a><\/p>\n","protected":false},"author":3,"featured_media":2333,"comment_status":"open","ping_status":"open","sticky":false,"template":"","format":"standard","meta":{"ngg_post_thumbnail":0,"jetpack_post_was_ever_published":false,"_jetpack_newsletter_access":"","_jetpack_dont_email_post_to_subs":false,"_jetpack_newsletter_tier_id":0,"_jetpack_memberships_contains_paywalled_content":false,"_jetpack_memberships_contains_paid_content":false,"footnotes":"","jetpack_publicize_message":"","jetpack_publicize_feature_enabled":true,"jetpack_social_post_already_shared":false,"jetpack_social_options":{"image_generator_settings":{"template":"highway","default_image_id":0,"font":"","enabled":false},"version":2}},"categories":[23,129,18,90],"tags":[134,28,188,11,166,26],"class_list":["post-2332","post","type-post","status-publish","format-standard","has-post-thumbnail","hentry","category-actualidad","category-comunicacion","category-cronicas","category-goles","tag-deporte","tag-epila","tag-fuentes","tag-futbol","tag-liga","tag-regional-preferente"],"jetpack_publicize_connections":[],"jetpack_featured_media_url":"https:\/\/i0.wp.com\/cfepila.com\/wp-content\/uploads\/2018\/05\/WhatsApp-Image-2018-05-07-at-09.59.51.jpeg?fit=1600%2C1200&ssl=1","jetpack_sharing_enabled":true,"jetpack_shortlink":"https:\/\/wp.me\/pa0Ojp-BC","jetpack-related-posts":[],"jetpack_likes_enabled":true,"_links":{"self":[{"href":"https:\/\/cfepila.com\/index.php?rest_route=\/wp\/v2\/posts\/2332","targetHints":{"allow":["GET"]}}],"collection":[{"href":"https:\/\/cfepila.com\/index.php?rest_route=\/wp\/v2\/posts"}],"about":[{"href":"https:\/\/cfepila.com\/index.php?rest_route=\/wp\/v2\/types\/post"}],"author":[{"embeddable":true,"href":"https:\/\/cfepila.com\/index.php?rest_route=\/wp\/v2\/users\/3"}],"replies":[{"embeddable":true,"href":"https:\/\/cfepila.com\/index.php?rest_route=%2Fwp%2Fv2%2Fcomments&post=2332"}],"version-history":[{"count":3,"href":"https:\/\/cfepila.com\/index.php?rest_route=\/wp\/v2\/posts\/2332\/revisions"}],"predecessor-version":[{"id":2338,"href":"https:\/\/cfepila.com\/index.php?rest_route=\/wp\/v2\/posts\/2332\/revisions\/2338"}],"wp:featuredmedia":[{"embeddable":true,"href":"https:\/\/cfepila.com\/index.php?rest_route=\/wp\/v2\/media\/2333"}],"wp:attachment":[{"href":"https:\/\/cfepila.com\/index.php?rest_route=%2Fwp%2Fv2%2Fmedia&parent=2332"}],"wp:term":[{"taxonomy":"category","embeddable":true,"href":"https:\/\/cfepila.com\/index.php?rest_route=%2Fwp%2Fv2%2Fcategories&post=2332"},{"taxonomy":"post_tag","embeddable":true,"href":"https:\/\/cfepila.com\/index.php?rest_route=%2Fwp%2Fv2%2Ftags&post=2332"}],"curies":[{"name":"wp","href":"https:\/\/api.w.org\/{rel}","templated":true}]}}