{"id":2344,"date":"2018-05-20T17:58:05","date_gmt":"2018-05-20T17:58:05","guid":{"rendered":"http:\/\/cfepila.com\/?p=2344"},"modified":"2018-05-25T08:24:14","modified_gmt":"2018-05-25T08:24:14","slug":"epila-4-0-atletico-escalerillas","status":"publish","type":"post","link":"https:\/\/cfepila.com\/?p=2344","title":{"rendered":"CF \u00c9pila 4-0 Atl\u00e9tico Escalerillas"},"content":{"rendered":"<p>El Epila vence por comodidad al Atl\u00e9tico Escalerillas en el \u00faltimo partido en casa de la temporada. Los locales dominaron todo el partido, pese a la presi\u00f3n de bal\u00f3n que ejerci\u00f3 el equipo rival. Los goleadores fueron <strong>Ib\u00e1\u00f1ez, Amizicia y dos de Vaquerito.<\/strong><\/p>\n<p><a href=\"https:\/\/i0.wp.com\/cfepila.com\/wp-content\/uploads\/2018\/05\/WhatsApp-Image-2018-05-20-at-19.53.37.jpeg\"><img data-recalc-dims=\"1\" loading=\"lazy\" decoding=\"async\" data-attachment-id=\"2346\" data-permalink=\"https:\/\/cfepila.com\/?attachment_id=2346\" data-orig-file=\"https:\/\/i0.wp.com\/cfepila.com\/wp-content\/uploads\/2018\/05\/WhatsApp-Image-2018-05-20-at-19.53.37.jpeg?fit=1600%2C1200&amp;ssl=1\" data-orig-size=\"1600,1200\" data-comments-opened=\"1\" data-image-meta=\"{&quot;aperture&quot;:&quot;0&quot;,&quot;credit&quot;:&quot;&quot;,&quot;camera&quot;:&quot;&quot;,&quot;caption&quot;:&quot;&quot;,&quot;created_timestamp&quot;:&quot;0&quot;,&quot;copyright&quot;:&quot;&quot;,&quot;focal_length&quot;:&quot;0&quot;,&quot;iso&quot;:&quot;0&quot;,&quot;shutter_speed&quot;:&quot;0&quot;,&quot;title&quot;:&quot;&quot;,&quot;orientation&quot;:&quot;0&quot;}\" data-image-title=\"Buena tarde en La Huerta\" data-image-description=\"\" data-image-caption=\"\" data-large-file=\"https:\/\/i0.wp.com\/cfepila.com\/wp-content\/uploads\/2018\/05\/WhatsApp-Image-2018-05-20-at-19.53.37.jpeg?fit=640%2C480&amp;ssl=1\" class=\"aligncenter wp-image-2346 size-large\" src=\"https:\/\/i0.wp.com\/cfepila.com\/wp-content\/uploads\/2018\/05\/WhatsApp-Image-2018-05-20-at-19.53.37.jpeg?resize=640%2C480\" alt=\"\" width=\"640\" height=\"480\" srcset=\"https:\/\/i0.wp.com\/cfepila.com\/wp-content\/uploads\/2018\/05\/WhatsApp-Image-2018-05-20-at-19.53.37.jpeg?resize=1024%2C768&amp;ssl=1 1024w, https:\/\/i0.wp.com\/cfepila.com\/wp-content\/uploads\/2018\/05\/WhatsApp-Image-2018-05-20-at-19.53.37.jpeg?resize=300%2C225&amp;ssl=1 300w, https:\/\/i0.wp.com\/cfepila.com\/wp-content\/uploads\/2018\/05\/WhatsApp-Image-2018-05-20-at-19.53.37.jpeg?resize=768%2C576&amp;ssl=1 768w, https:\/\/i0.wp.com\/cfepila.com\/wp-content\/uploads\/2018\/05\/WhatsApp-Image-2018-05-20-at-19.53.37.jpeg?resize=285%2C214&amp;ssl=1 285w, https:\/\/i0.wp.com\/cfepila.com\/wp-content\/uploads\/2018\/05\/WhatsApp-Image-2018-05-20-at-19.53.37.jpeg?w=1600&amp;ssl=1 1600w, https:\/\/i0.wp.com\/cfepila.com\/wp-content\/uploads\/2018\/05\/WhatsApp-Image-2018-05-20-at-19.53.37.jpeg?w=1280 1280w\" sizes=\"auto, (max-width: 640px) 100vw, 640px\" \/><\/a><\/p>\n<p>El partido empez\u00f3 con mucha presi\u00f3n del Escalerillas que quer\u00eda el bal\u00f3n. Hab\u00eda mucha intensidad en el encuentro con dos equipos que no se jugaban nada, pero si estaba en juego el prestigio. La primera ocasi\u00f3n lleg\u00f3 por parte del \u00c9pila que <strong>Adri\u00e1n Molina<\/strong> remat\u00f3 fuera. Poco despu\u00e9s, lleg\u00f3 el gol de <strong>Ib\u00e1\u00f1ez<\/strong> tras un centro por la banda derecha de Dani Alonso.La primera parte termin\u00f3 con un tiro de Vaquerito que se march\u00f3 desviado de la porter\u00eda.<\/p>\n<p>La segunda parte comenz\u00f3 con una parada de <strong>Fabre<\/strong> tras un centro del Atl\u00e9tico Escalerillas. <strong>Vaquerito<\/strong> marc\u00f3 el segundo gol gracias a un pase de Adri\u00e1n en un contraataque. El Epila movi\u00f3 el banquillo y realiz\u00f3 un doble cambio. <strong>Aladr\u00e9n y Nano<\/strong> dejaron sus puestos a<strong> Pacol\u00edn y Pablo Garc\u00eda.<\/strong> Al inicio de la segunda parte, Us\u00f3n entr\u00f3 por Ib\u00e1\u00f1ez.<\/p>\n<p>El \u00faltimo cambio ser\u00eda el de <strong>Miguel Sanz por Adri\u00e1n<\/strong> en el minuto 70. Vaquerito marc\u00f3 poco despu\u00e9s el tercer gol despu\u00e9s de un pase de Dani Alonso por la banda derecha. <strong>Amizicia<\/strong> entr\u00f3 por el propio extremo derecho y marc\u00f3 el \u00faltimo gol aprovechando un pase al contraataque. Fabre se encarg\u00f3 de frenar los pocos tiros que le lanzaban.<\/p>\n<p><strong>Javier Us\u00f3n Garc\u00eda,<\/strong> lateral izquierdo del partido, atendi\u00f3 a la prensa tras el t\u00e9rmino del choque en el que jug\u00f3 de titular:<\/p>\n<audio class=\"wp-audio-shortcode\" id=\"audio-2344-1\" preload=\"none\" style=\"width: 100%;\" controls=\"controls\"><source type=\"audio\/mpeg\" src=\"http:\/\/cfepila.com\/wp-content\/uploads\/2018\/05\/recording-20180520-185249.mp3?_=1\" \/><a href=\"http:\/\/cfepila.com\/wp-content\/uploads\/2018\/05\/recording-20180520-185249.mp3\">http:\/\/cfepila.com\/wp-content\/uploads\/2018\/05\/recording-20180520-185249.mp3<\/a><\/audio>\n","protected":false},"excerpt":{"rendered":"<p>El Epila vence por comodidad al Atl\u00e9tico Escalerillas en el \u00faltimo partido en casa de la temporada. Los locales dominaron todo el partido, pese a la presi\u00f3n de bal\u00f3n que ejerci\u00f3 el equipo rival. Los goleadores fueron Ib\u00e1\u00f1ez, Amizicia y dos de Vaquerito. El partido empez\u00f3 con mucha presi\u00f3n del Escalerillas que quer\u00eda el bal\u00f3n.<a href=\"https:\/\/cfepila.com\/?p=2344\">[&#8230;]<\/a><\/p>\n","protected":false},"author":3,"featured_media":2347,"comment_status":"open","ping_status":"open","sticky":false,"template":"","format":"standard","meta":{"ngg_post_thumbnail":0,"jetpack_post_was_ever_published":false,"_jetpack_newsletter_access":"","_jetpack_dont_email_post_to_subs":false,"_jetpack_newsletter_tier_id":0,"_jetpack_memberships_contains_paywalled_content":false,"_jetpack_memberships_contains_paid_content":false,"footnotes":"","jetpack_publicize_message":"","jetpack_publicize_feature_enabled":true,"jetpack_social_post_already_shared":false,"jetpack_social_options":{"image_generator_settings":{"template":"highway","default_image_id":0,"font":"","enabled":false},"version":2}},"categories":[129,18,37,90],"tags":[189,28,11,26],"class_list":["post-2344","post","type-post","status-publish","format-standard","has-post-thumbnail","hentry","category-comunicacion","category-cronicas","category-entrevistas","category-goles","tag-atletico-escalerillas","tag-epila","tag-futbol","tag-regional-preferente"],"jetpack_publicize_connections":[],"jetpack_featured_media_url":"https:\/\/i0.wp.com\/cfepila.com\/wp-content\/uploads\/2018\/05\/WhatsApp-Image-2018-05-20-at-19.53.37-1.jpeg?fit=1600%2C1200&ssl=1","jetpack_sharing_enabled":true,"jetpack_shortlink":"https:\/\/wp.me\/pa0Ojp-BO","jetpack-related-posts":[],"jetpack_likes_enabled":true,"_links":{"self":[{"href":"https:\/\/cfepila.com\/index.php?rest_route=\/wp\/v2\/posts\/2344","targetHints":{"allow":["GET"]}}],"collection":[{"href":"https:\/\/cfepila.com\/index.php?rest_route=\/wp\/v2\/posts"}],"about":[{"href":"https:\/\/cfepila.com\/index.php?rest_route=\/wp\/v2\/types\/post"}],"author":[{"embeddable":true,"href":"https:\/\/cfepila.com\/index.php?rest_route=\/wp\/v2\/users\/3"}],"replies":[{"embeddable":true,"href":"https:\/\/cfepila.com\/index.php?rest_route=%2Fwp%2Fv2%2Fcomments&post=2344"}],"version-history":[{"count":2,"href":"https:\/\/cfepila.com\/index.php?rest_route=\/wp\/v2\/posts\/2344\/revisions"}],"predecessor-version":[{"id":2352,"href":"https:\/\/cfepila.com\/index.php?rest_route=\/wp\/v2\/posts\/2344\/revisions\/2352"}],"wp:featuredmedia":[{"embeddable":true,"href":"https:\/\/cfepila.com\/index.php?rest_route=\/wp\/v2\/media\/2347"}],"wp:attachment":[{"href":"https:\/\/cfepila.com\/index.php?rest_route=%2Fwp%2Fv2%2Fmedia&parent=2344"}],"wp:term":[{"taxonomy":"category","embeddable":true,"href":"https:\/\/cfepila.com\/index.php?rest_route=%2Fwp%2Fv2%2Fcategories&post=2344"},{"taxonomy":"post_tag","embeddable":true,"href":"https:\/\/cfepila.com\/index.php?rest_route=%2Fwp%2Fv2%2Ftags&post=2344"}],"curies":[{"name":"wp","href":"https:\/\/api.w.org\/{rel}","templated":true}]}}