{"id":2355,"date":"2018-05-27T17:39:40","date_gmt":"2018-05-27T17:39:40","guid":{"rendered":"http:\/\/cfepila.com\/?p=2355"},"modified":"2018-05-30T10:59:25","modified_gmt":"2018-05-30T10:59:25","slug":"mores-1-0-epila","status":"publish","type":"post","link":"https:\/\/cfepila.com\/?p=2355","title":{"rendered":"CD Mor\u00e9s 1 &#8211; 0 CF \u00c9pila"},"content":{"rendered":"<p>El \u00c9pila pierde el \u00faltimo partido de la temporada por la m\u00ednima. El equipo luch\u00f3 hasta el final y despleg\u00f3 un buen juego en un campo complicado. Muchas gracias a la afici\u00f3n por el apoyo esta temporada.<\/p>\n<p><img data-recalc-dims=\"1\" loading=\"lazy\" decoding=\"async\" data-attachment-id=\"2359\" data-permalink=\"https:\/\/cfepila.com\/?attachment_id=2359\" data-orig-file=\"https:\/\/i0.wp.com\/cfepila.com\/wp-content\/uploads\/2018\/05\/photo_2018-05-30_12-58-11.jpg?fit=1280%2C960&amp;ssl=1\" data-orig-size=\"1280,960\" data-comments-opened=\"1\" data-image-meta=\"{&quot;aperture&quot;:&quot;0&quot;,&quot;credit&quot;:&quot;&quot;,&quot;camera&quot;:&quot;&quot;,&quot;caption&quot;:&quot;&quot;,&quot;created_timestamp&quot;:&quot;0&quot;,&quot;copyright&quot;:&quot;&quot;,&quot;focal_length&quot;:&quot;0&quot;,&quot;iso&quot;:&quot;0&quot;,&quot;shutter_speed&quot;:&quot;0&quot;,&quot;title&quot;:&quot;&quot;,&quot;orientation&quot;:&quot;0&quot;}\" data-image-title=\"photo_2018-05-30_12-58-11\" data-image-description=\"\" data-image-caption=\"\" data-large-file=\"https:\/\/i0.wp.com\/cfepila.com\/wp-content\/uploads\/2018\/05\/photo_2018-05-30_12-58-11.jpg?fit=640%2C480&amp;ssl=1\" class=\"aligncenter size-large wp-image-2359\" src=\"https:\/\/i0.wp.com\/cfepila.com\/wp-content\/uploads\/2018\/05\/photo_2018-05-30_12-58-11.jpg?resize=640%2C480\" alt=\"\" width=\"640\" height=\"480\" srcset=\"https:\/\/i0.wp.com\/cfepila.com\/wp-content\/uploads\/2018\/05\/photo_2018-05-30_12-58-11.jpg?resize=1024%2C768&amp;ssl=1 1024w, https:\/\/i0.wp.com\/cfepila.com\/wp-content\/uploads\/2018\/05\/photo_2018-05-30_12-58-11.jpg?resize=300%2C225&amp;ssl=1 300w, https:\/\/i0.wp.com\/cfepila.com\/wp-content\/uploads\/2018\/05\/photo_2018-05-30_12-58-11.jpg?resize=768%2C576&amp;ssl=1 768w, https:\/\/i0.wp.com\/cfepila.com\/wp-content\/uploads\/2018\/05\/photo_2018-05-30_12-58-11.jpg?resize=285%2C214&amp;ssl=1 285w, https:\/\/i0.wp.com\/cfepila.com\/wp-content\/uploads\/2018\/05\/photo_2018-05-30_12-58-11.jpg?w=1280&amp;ssl=1 1280w\" sizes=\"auto, (max-width: 640px) 100vw, 640px\" \/><\/p>\n<p>Los dos equipos encontraron dificultad para controlar la posesi\u00f3n de bal\u00f3n. El primer disparo a puerta corri\u00f3 a cargo del Mor\u00e9s, se march\u00f3 fuera. El \u00c9pila se estir\u00f3 m\u00e1s y <strong>Adri\u00e1n<\/strong> remat\u00f3 un buen centro. <strong>Carlos Us\u00f3n<\/strong> tambi\u00e9n prob\u00f3 al portero, pero sin fortuna. Pacol\u00edn y Dani Alonso hicieron mucho da\u00f1o a la defensa local con buenas jugadas en la banda derecha.<\/p>\n<p><strong>Dani Alonso <\/strong>tuvo un mano a mano con el portero, pero tap\u00f3 muy bien su disparo. Fabre par\u00f3 los balones que le llegaban, pero eran bastantes escasos. La primera parte se acab\u00f3 sin goles y un juego bastante espeso.<\/p>\n<p>En la segunda parte, Rubi entr\u00f3 por Rub\u00e9n en la medular. Carlos Us\u00f3n dispar\u00f3 a puerta, pero se fue por el lado derecho de la porter\u00eda. Miguel Catal\u00e1n sigui\u00f3 moviendo el banquillo. <strong>Pablo Garc\u00eda y Zapata<\/strong> entraron por Javi y Carlos Us\u00f3n. Poco despu\u00e9s, Nano goz\u00f3 de una buena ocasi\u00f3n para marcar el primer gol tras una buena jugada por la banda izquierda.<\/p>\n<p>El gol del Mor\u00e9s lleg\u00f3 tras un rechace de <strong>Fabre<\/strong> a un tiro. Un delantero del Mor\u00e9s aprovech\u00f3 el bal\u00f3n dentro del \u00e1rea para anotar el primer gol del partido. El \u00c9pila agot\u00f3 los cambios.<strong> Ib\u00e1\u00f1ez y Amizicia<\/strong> entraron por Mono y Pacol\u00edn. Los visitantes buscaron el gol del empate, pero no hubo suerte. Amizicia y Dani Alonso probaron al portero con disparos lejanos que no acabaron dentro de la porter\u00eda.<\/p>\n","protected":false},"excerpt":{"rendered":"<p>El \u00c9pila pierde el \u00faltimo partido de la temporada por la m\u00ednima. El equipo luch\u00f3 hasta el final y despleg\u00f3 un buen juego en un campo complicado. Muchas gracias a la afici\u00f3n por el apoyo esta temporada. Los dos equipos encontraron dificultad para controlar la posesi\u00f3n de bal\u00f3n. El primer disparo a puerta corri\u00f3 a<a href=\"https:\/\/cfepila.com\/?p=2355\">[&#8230;]<\/a><\/p>\n","protected":false},"author":3,"featured_media":2356,"comment_status":"open","ping_status":"open","sticky":false,"template":"","format":"standard","meta":{"ngg_post_thumbnail":0,"jetpack_post_was_ever_published":false,"_jetpack_newsletter_access":"","_jetpack_dont_email_post_to_subs":false,"_jetpack_newsletter_tier_id":0,"_jetpack_memberships_contains_paywalled_content":false,"_jetpack_memberships_contains_paid_content":false,"footnotes":"","jetpack_publicize_message":"","jetpack_publicize_feature_enabled":true,"jetpack_social_post_already_shared":false,"jetpack_social_options":{"image_generator_settings":{"template":"highway","default_image_id":0,"font":"","enabled":false},"version":2}},"categories":[23,129,90],"tags":[28,11,185,26],"class_list":["post-2355","post","type-post","status-publish","format-standard","has-post-thumbnail","hentry","category-actualidad","category-comunicacion","category-goles","tag-epila","tag-futbol","tag-mores","tag-regional-preferente"],"jetpack_publicize_connections":[],"jetpack_featured_media_url":"https:\/\/i0.wp.com\/cfepila.com\/wp-content\/uploads\/2018\/05\/WhatsApp-Image-2018-05-27-at-19.37.07.jpeg?fit=1600%2C1200&ssl=1","jetpack_sharing_enabled":true,"jetpack_shortlink":"https:\/\/wp.me\/pa0Ojp-BZ","jetpack-related-posts":[],"jetpack_likes_enabled":true,"_links":{"self":[{"href":"https:\/\/cfepila.com\/index.php?rest_route=\/wp\/v2\/posts\/2355","targetHints":{"allow":["GET"]}}],"collection":[{"href":"https:\/\/cfepila.com\/index.php?rest_route=\/wp\/v2\/posts"}],"about":[{"href":"https:\/\/cfepila.com\/index.php?rest_route=\/wp\/v2\/types\/post"}],"author":[{"embeddable":true,"href":"https:\/\/cfepila.com\/index.php?rest_route=\/wp\/v2\/users\/3"}],"replies":[{"embeddable":true,"href":"https:\/\/cfepila.com\/index.php?rest_route=%2Fwp%2Fv2%2Fcomments&post=2355"}],"version-history":[{"count":3,"href":"https:\/\/cfepila.com\/index.php?rest_route=\/wp\/v2\/posts\/2355\/revisions"}],"predecessor-version":[{"id":2360,"href":"https:\/\/cfepila.com\/index.php?rest_route=\/wp\/v2\/posts\/2355\/revisions\/2360"}],"wp:featuredmedia":[{"embeddable":true,"href":"https:\/\/cfepila.com\/index.php?rest_route=\/wp\/v2\/media\/2356"}],"wp:attachment":[{"href":"https:\/\/cfepila.com\/index.php?rest_route=%2Fwp%2Fv2%2Fmedia&parent=2355"}],"wp:term":[{"taxonomy":"category","embeddable":true,"href":"https:\/\/cfepila.com\/index.php?rest_route=%2Fwp%2Fv2%2Fcategories&post=2355"},{"taxonomy":"post_tag","embeddable":true,"href":"https:\/\/cfepila.com\/index.php?rest_route=%2Fwp%2Fv2%2Ftags&post=2355"}],"curies":[{"name":"wp","href":"https:\/\/api.w.org\/{rel}","templated":true}]}}