{"id":3094,"date":"2019-07-15T09:58:34","date_gmt":"2019-07-15T09:58:34","guid":{"rendered":"http:\/\/cfepila.com\/?p=3094"},"modified":"2019-08-07T13:08:15","modified_gmt":"2019-08-07T13:08:15","slug":"%f0%9f%94%b5%e2%9a%aa%ef%b8%8f-reg-pref-2019-2020-planning-del-mes-de-agosto","status":"publish","type":"post","link":"https:\/\/cfepila.com\/?p=3094","title":{"rendered":"\ud83d\udd35\u26aa\ufe0f REG. PREF. 2019-2020: Planning del mes de Agosto."},"content":{"rendered":"\n<p>Comunicamos que nuestro primer equipo, a las \u00f3rdenes de Juan Carlos Remiro iniciar\u00e1 los entrenamientos el pr\u00f3ximo Lunes 5 de Agosto iniciando de esta forma una pretemporada donde se han planificado los siguientes partidos amistosos:<\/p>\n\n\n\n<ul class=\"wp-block-list\"><li>Jueves 8 de Agosto 20:15: CD EBRO DHJ &#8211; CF \u00c9pila (campo El Carmen de La Almozara)<\/li><li>Domingo 11 de Agosto 19:30: CF Illueca &#8211; CF \u00c9pila (Campo Papa Luna de Illueca)<\/li><li>Martes 13 de Agosto: CF \u00c9pila &#8211;  Atl. Ranillas<\/li><li>Domingo 18 de Agosto: CF \u00c9pila &#8211; Zaragoza Soccer Academy<\/li><li>Mi\u00e9rcoles 21 de Agosto: CD Ricla &#8211; CF \u00c9pila<\/li><li>S\u00e1bado 24 de Agosto : CD Zuera &#8211; CF \u00c9pila<\/li><li>Jueves 29 de Agosto: RSD Santa Isabel &#8211; CF \u00c9pila.<\/li><\/ul>\n\n\n\n<p>Los horarios se comunicar\u00e1n m\u00e1s adelante cuando se concreten.<\/p>\n\n\n\n<p>Acompa\u00f1a a tu equipo desde la pretemporada, \u00a1\u00a1te esperamos!!<\/p>\n\n\n\n<p>\u00a1A\u00fapa el CF \u00c9pila!<\/p>\n\n\n\n<p style=\"text-align:center\" class=\"has-text-color has-vivid-cyan-blue-color\"><strong>#UNION #SACRIFICIO #HUMILDAD<\/strong><\/p>\n","protected":false},"excerpt":{"rendered":"<p>Comunicamos que nuestro primer equipo, a las \u00f3rdenes de Juan Carlos Remiro iniciar\u00e1 los entrenamientos el pr\u00f3ximo Lunes 5 de Agosto iniciando de esta forma una pretemporada donde se han planificado los siguientes partidos amistosos: Jueves 8 de Agosto 20:15: CD EBRO DHJ &#8211; CF \u00c9pila (campo El Carmen de La Almozara) Domingo 11 de<a href=\"https:\/\/cfepila.com\/?p=3094\">[&#8230;]<\/a><\/p>\n","protected":false},"author":1,"featured_media":3097,"comment_status":"open","ping_status":"open","sticky":false,"template":"","format":"standard","meta":{"ngg_post_thumbnail":0,"jetpack_post_was_ever_published":false,"_jetpack_newsletter_access":"","_jetpack_dont_email_post_to_subs":false,"_jetpack_newsletter_tier_id":0,"_jetpack_memberships_contains_paywalled_content":false,"_jetpack_memberships_contains_paid_content":false,"footnotes":"","jetpack_publicize_message":"","jetpack_publicize_feature_enabled":true,"jetpack_social_post_already_shared":true,"jetpack_social_options":{"image_generator_settings":{"template":"highway","default_image_id":0,"font":"","enabled":false},"version":2}},"categories":[23],"tags":[9,28,279],"class_list":["post-3094","post","type-post","status-publish","format-standard","has-post-thumbnail","hentry","category-actualidad","tag-cf-epila","tag-epila","tag-pretemporada-2019-2020"],"jetpack_publicize_connections":[],"jetpack_featured_media_url":"https:\/\/i0.wp.com\/cfepila.com\/wp-content\/uploads\/2019\/07\/calendarios-250x230-1.jpg?fit=250%2C230&ssl=1","jetpack_sharing_enabled":true,"jetpack_shortlink":"https:\/\/wp.me\/pa0Ojp-NU","jetpack-related-posts":[],"jetpack_likes_enabled":true,"_links":{"self":[{"href":"https:\/\/cfepila.com\/index.php?rest_route=\/wp\/v2\/posts\/3094","targetHints":{"allow":["GET"]}}],"collection":[{"href":"https:\/\/cfepila.com\/index.php?rest_route=\/wp\/v2\/posts"}],"about":[{"href":"https:\/\/cfepila.com\/index.php?rest_route=\/wp\/v2\/types\/post"}],"author":[{"embeddable":true,"href":"https:\/\/cfepila.com\/index.php?rest_route=\/wp\/v2\/users\/1"}],"replies":[{"embeddable":true,"href":"https:\/\/cfepila.com\/index.php?rest_route=%2Fwp%2Fv2%2Fcomments&post=3094"}],"version-history":[{"count":4,"href":"https:\/\/cfepila.com\/index.php?rest_route=\/wp\/v2\/posts\/3094\/revisions"}],"predecessor-version":[{"id":3112,"href":"https:\/\/cfepila.com\/index.php?rest_route=\/wp\/v2\/posts\/3094\/revisions\/3112"}],"wp:featuredmedia":[{"embeddable":true,"href":"https:\/\/cfepila.com\/index.php?rest_route=\/wp\/v2\/media\/3097"}],"wp:attachment":[{"href":"https:\/\/cfepila.com\/index.php?rest_route=%2Fwp%2Fv2%2Fmedia&parent=3094"}],"wp:term":[{"taxonomy":"category","embeddable":true,"href":"https:\/\/cfepila.com\/index.php?rest_route=%2Fwp%2Fv2%2Fcategories&post=3094"},{"taxonomy":"post_tag","embeddable":true,"href":"https:\/\/cfepila.com\/index.php?rest_route=%2Fwp%2Fv2%2Ftags&post=3094"}],"curies":[{"name":"wp","href":"https:\/\/api.w.org\/{rel}","templated":true}]}}