{"id":3539,"date":"2020-10-02T06:20:05","date_gmt":"2020-10-02T06:20:05","guid":{"rendered":"http:\/\/cfepila.com\/?p=3539"},"modified":"2020-10-02T06:20:05","modified_gmt":"2020-10-02T06:20:05","slug":"%f0%9f%94%b5%e2%9a%aa%ef%b8%8fvuelve-el-futbol-a-la-huerta","status":"publish","type":"post","link":"https:\/\/cfepila.com\/?p=3539","title":{"rendered":"\ud83d\udd35\u26aa\ufe0fVuelve el f\u00fatbol a La Huerta."},"content":{"rendered":"\n<p>Estimados soci@s, amig@s y simpatizantes del CF EPILA:<\/p>\n\n\n\n<p>\u00a1\u00a1Por fin estamos en disposici\u00f3n de decir que VUELVE EL FUTBOL CON PUBLICO A LA HUERTA!!<\/p>\n\n\n\n<p>Tras muchas jornadas de trabajo de la Directiva junto con el Ayuntamiento de Epila, est\u00e1 todo dispuesto para poder empezar a disfrutar de los partidos de f\u00fatbol en nuestro campo municipal.<\/p>\n\n\n\n<p>Siguiendo los protocolos establecidos y las indicaciones sanitarias pertinentes, abriremos las puertas de La Huerta este pr\u00f3ximo domingo d\u00eda 4 para inaugurar p\u00fablicamente una pretemporada en Tercera Divisi\u00f3n que nos va a llevar a la temporada m\u00e1s diferente que nunca hemos vivido.<\/p>\n\n\n\n<p>Debemos de ser conscientes que todo ha sufrido modificaciones y por ello pedimos que veng\u00e1is al campo con la misma ilusi\u00f3n que siempre y con el compromiso de seguir las instrucciones que van a ser la t\u00f3nica de todo el tiempo que dure la situaci\u00f3n de la pandemia por el Covid.&nbsp; Nos hemos esforzado mucho para ello y por fin lo hemos conseguido y de todos depende que podamos seguir disfrutando de nuestro Epila semana tras semana en todas sus categor\u00edas.<\/p>\n\n\n\n<p>Las instalaciones han sufrido mejoras, est\u00e1n equipadas de gel desinfectante en diversos puntos, delimitaci\u00f3n de zonas (deportiva, p\u00fablico y ocio), indicaciones de asientos de uso y no uso en gradas y \u201csentidos circulatorios\u201d para los asistentes. Adem\u00e1s de todo esto, existe un protocolo de acceso y salida con las indicaciones correspondientes. No hay que decir que el uso de mascarilla y la distancia social recomendada es algo que no debe de faltar.<\/p>\n\n\n\n<p>En el acceso se debe de inscribir al asistente\/s y tomar la temperatura, para ello os invitamos a venir este domingo d\u00eda 4 a La Huerta, con el tiempo suficiente de antelaci\u00f3n para poder cumplir todas estas premisas.<\/p>\n\n\n\n<p class=\"has-text-align-center\">\u00a1NO FALTEIS! \u00a1OS ESPERAMOS!<\/p>\n\n\n\n<p class=\"has-text-align-center\"><strong>C.F. \u00c9PILA \u2013 R.D.Z. ARAG\u00d3N<\/strong><\/p>\n\n\n\n<p class=\"has-text-align-center\"><strong>D\u00cdA: 04\/10\/2020<\/strong><\/p>\n\n\n\n<p class=\"has-text-align-center\"><strong>HORA: 17:00 H.<\/strong><\/p>\n\n\n\n<p><\/p>\n\n\n\n<p>\u00a1A\u00fapa el CF EPILA!<\/p>\n\n\n\n<p class=\"has-text-color has-text-align-center has-vivid-cyan-blue-color\"><strong>#UNION #SACRIFICIO #HUMILDAD<\/strong><\/p>\n","protected":false},"excerpt":{"rendered":"<p>Estimados soci@s, amig@s y simpatizantes del CF EPILA: \u00a1\u00a1Por fin estamos en disposici\u00f3n de decir que VUELVE EL FUTBOL CON PUBLICO A LA HUERTA!! Tras muchas jornadas de trabajo de la Directiva junto con el Ayuntamiento de Epila, est\u00e1 todo dispuesto para poder empezar a disfrutar de los partidos de f\u00fatbol en nuestro campo municipal.<a href=\"https:\/\/cfepila.com\/?p=3539\">[&#8230;]<\/a><\/p>\n","protected":false},"author":1,"featured_media":3310,"comment_status":"open","ping_status":"open","sticky":false,"template":"","format":"standard","meta":{"ngg_post_thumbnail":0,"jetpack_post_was_ever_published":false,"_jetpack_newsletter_access":"","_jetpack_dont_email_post_to_subs":false,"_jetpack_newsletter_tier_id":0,"_jetpack_memberships_contains_paywalled_content":false,"_jetpack_memberships_contains_paid_content":false,"footnotes":"","jetpack_publicize_message":"","jetpack_publicize_feature_enabled":true,"jetpack_social_post_already_shared":true,"jetpack_social_options":{"image_generator_settings":{"template":"highway","default_image_id":0,"font":"","enabled":false},"version":2}},"categories":[23],"tags":[9,354,79,87,353],"class_list":["post-3539","post","type-post","status-publish","format-standard","has-post-thumbnail","hentry","category-actualidad","tag-cf-epila","tag-deportivo-aragon","tag-pretemporada","tag-tercera-division","tag-vuelve-el-futbol"],"jetpack_publicize_connections":[],"jetpack_featured_media_url":"https:\/\/i0.wp.com\/cfepila.com\/wp-content\/uploads\/2020\/06\/WhatsApp-Image-2020-06-11-at-12.41.43.jpeg?fit=1600%2C1066&ssl=1","jetpack_sharing_enabled":true,"jetpack_shortlink":"https:\/\/wp.me\/pa0Ojp-V5","jetpack-related-posts":[],"jetpack_likes_enabled":true,"_links":{"self":[{"href":"https:\/\/cfepila.com\/index.php?rest_route=\/wp\/v2\/posts\/3539","targetHints":{"allow":["GET"]}}],"collection":[{"href":"https:\/\/cfepila.com\/index.php?rest_route=\/wp\/v2\/posts"}],"about":[{"href":"https:\/\/cfepila.com\/index.php?rest_route=\/wp\/v2\/types\/post"}],"author":[{"embeddable":true,"href":"https:\/\/cfepila.com\/index.php?rest_route=\/wp\/v2\/users\/1"}],"replies":[{"embeddable":true,"href":"https:\/\/cfepila.com\/index.php?rest_route=%2Fwp%2Fv2%2Fcomments&post=3539"}],"version-history":[{"count":1,"href":"https:\/\/cfepila.com\/index.php?rest_route=\/wp\/v2\/posts\/3539\/revisions"}],"predecessor-version":[{"id":3540,"href":"https:\/\/cfepila.com\/index.php?rest_route=\/wp\/v2\/posts\/3539\/revisions\/3540"}],"wp:featuredmedia":[{"embeddable":true,"href":"https:\/\/cfepila.com\/index.php?rest_route=\/wp\/v2\/media\/3310"}],"wp:attachment":[{"href":"https:\/\/cfepila.com\/index.php?rest_route=%2Fwp%2Fv2%2Fmedia&parent=3539"}],"wp:term":[{"taxonomy":"category","embeddable":true,"href":"https:\/\/cfepila.com\/index.php?rest_route=%2Fwp%2Fv2%2Fcategories&post=3539"},{"taxonomy":"post_tag","embeddable":true,"href":"https:\/\/cfepila.com\/index.php?rest_route=%2Fwp%2Fv2%2Ftags&post=3539"}],"curies":[{"name":"wp","href":"https:\/\/api.w.org\/{rel}","templated":true}]}}