{"id":4283,"date":"2022-05-24T15:31:30","date_gmt":"2022-05-24T15:31:30","guid":{"rendered":"http:\/\/cfepila.com\/?p=4283"},"modified":"2022-05-24T15:31:30","modified_gmt":"2022-05-24T15:31:30","slug":"%f0%9f%94%b5%e2%9a%aa%ef%b8%8f-3a-division-2022-2023-ruben-zapater-dirigira-nuestro-primer-equipo","status":"publish","type":"post","link":"https:\/\/cfepila.com\/?p=4283","title":{"rendered":"\ud83d\udd35\u26aa\ufe0f 3\u00aa DIVISI\u00d3N. 2022-2023: Rub\u00e9n Zapater, dirigir\u00e1 nuestro primer equipo."},"content":{"rendered":"\n<p>Anunciamos que el t\u00e9cnico Rub\u00e9n Zapater Arjol (18-06-1983) ser\u00e1 el encargado de dirigir nuestro 3\u00aa Divisi\u00f3n la temporada que viene.<\/p>\n\n\n\n<p>Ha dirigido equipos como CD Cortes (3\u00aa Navarra) en la 2017- 2018 y CF Utebo (3\u00aa Aragonesa) en la 2020-2021 entre otros.<\/p>\n\n\n\n<div class=\"wp-block-image\"><figure class=\"aligncenter size-large\"><a href=\"https:\/\/i0.wp.com\/cfepila.com\/wp-content\/uploads\/2022\/05\/WhatsApp-Image-2022-05-24-at-2.24.00-PM.jpeg\"><img data-recalc-dims=\"1\" loading=\"lazy\" decoding=\"async\" width=\"576\" height=\"1024\" data-attachment-id=\"4284\" data-permalink=\"https:\/\/cfepila.com\/?attachment_id=4284\" data-orig-file=\"https:\/\/i0.wp.com\/cfepila.com\/wp-content\/uploads\/2022\/05\/WhatsApp-Image-2022-05-24-at-2.24.00-PM.jpeg?fit=804%2C1429&amp;ssl=1\" data-orig-size=\"804,1429\" data-comments-opened=\"1\" data-image-meta=\"{&quot;aperture&quot;:&quot;0&quot;,&quot;credit&quot;:&quot;&quot;,&quot;camera&quot;:&quot;&quot;,&quot;caption&quot;:&quot;&quot;,&quot;created_timestamp&quot;:&quot;0&quot;,&quot;copyright&quot;:&quot;&quot;,&quot;focal_length&quot;:&quot;0&quot;,&quot;iso&quot;:&quot;0&quot;,&quot;shutter_speed&quot;:&quot;0&quot;,&quot;title&quot;:&quot;&quot;,&quot;orientation&quot;:&quot;0&quot;}\" data-image-title=\"WhatsApp Image 2022-05-24 at 2.24.00 PM\" data-image-description=\"\" data-image-caption=\"\" data-large-file=\"https:\/\/i0.wp.com\/cfepila.com\/wp-content\/uploads\/2022\/05\/WhatsApp-Image-2022-05-24-at-2.24.00-PM.jpeg?fit=576%2C1024&amp;ssl=1\" src=\"https:\/\/i0.wp.com\/cfepila.com\/wp-content\/uploads\/2022\/05\/WhatsApp-Image-2022-05-24-at-2.24.00-PM.jpeg?resize=576%2C1024\" alt=\"\" class=\"wp-image-4284\" srcset=\"https:\/\/i0.wp.com\/cfepila.com\/wp-content\/uploads\/2022\/05\/WhatsApp-Image-2022-05-24-at-2.24.00-PM.jpeg?resize=576%2C1024&amp;ssl=1 576w, https:\/\/i0.wp.com\/cfepila.com\/wp-content\/uploads\/2022\/05\/WhatsApp-Image-2022-05-24-at-2.24.00-PM.jpeg?resize=169%2C300&amp;ssl=1 169w, https:\/\/i0.wp.com\/cfepila.com\/wp-content\/uploads\/2022\/05\/WhatsApp-Image-2022-05-24-at-2.24.00-PM.jpeg?resize=768%2C1365&amp;ssl=1 768w, https:\/\/i0.wp.com\/cfepila.com\/wp-content\/uploads\/2022\/05\/WhatsApp-Image-2022-05-24-at-2.24.00-PM.jpeg?w=804&amp;ssl=1 804w\" sizes=\"auto, (max-width: 576px) 100vw, 576px\" \/><\/a><\/figure><\/div>\n\n\n\n<p>Te deseamos mucha suerte y \u00e9xito, bienvenido a \u00c9pila Rub\u00e9n.<\/p>\n\n\n\n<p>\u00a1A\u00fapa el CF EPILA!<\/p>\n\n\n\n<p class=\"has-text-align-center\"><strong><span class=\"has-inline-color has-vivid-cyan-blue-color\">#UNION #SACRIFICIO #HUMILDAD<\/span><\/strong><\/p>\n","protected":false},"excerpt":{"rendered":"<p>Anunciamos que el t\u00e9cnico Rub\u00e9n Zapater Arjol (18-06-1983) ser\u00e1 el encargado de dirigir nuestro 3\u00aa Divisi\u00f3n la temporada que viene. Ha dirigido equipos como CD Cortes (3\u00aa Navarra) en la 2017- 2018 y CF Utebo (3\u00aa Aragonesa) en la 2020-2021 entre otros. Te deseamos mucha suerte y \u00e9xito, bienvenido a \u00c9pila Rub\u00e9n. \u00a1A\u00fapa el CF<a href=\"https:\/\/cfepila.com\/?p=4283\">[&#8230;]<\/a><\/p>\n","protected":false},"author":1,"featured_media":4284,"comment_status":"open","ping_status":"open","sticky":false,"template":"","format":"standard","meta":{"ngg_post_thumbnail":0,"jetpack_post_was_ever_published":false,"_jetpack_newsletter_access":"","_jetpack_dont_email_post_to_subs":false,"_jetpack_newsletter_tier_id":0,"_jetpack_memberships_contains_paywalled_content":false,"_jetpack_memberships_contains_paid_content":false,"footnotes":"","jetpack_publicize_message":"","jetpack_publicize_feature_enabled":true,"jetpack_social_post_already_shared":true,"jetpack_social_options":{"image_generator_settings":{"template":"highway","default_image_id":0,"font":"","enabled":false},"version":2}},"categories":[23],"tags":[50,9,459],"class_list":["post-4283","post","type-post","status-publish","format-standard","has-post-thumbnail","hentry","category-actualidad","tag-3a-division","tag-cf-epila","tag-ruben-zapater"],"jetpack_publicize_connections":[],"jetpack_featured_media_url":"https:\/\/i0.wp.com\/cfepila.com\/wp-content\/uploads\/2022\/05\/WhatsApp-Image-2022-05-24-at-2.24.00-PM.jpeg?fit=804%2C1429&ssl=1","jetpack_sharing_enabled":true,"jetpack_shortlink":"https:\/\/wp.me\/pa0Ojp-175","jetpack-related-posts":[],"jetpack_likes_enabled":true,"_links":{"self":[{"href":"https:\/\/cfepila.com\/index.php?rest_route=\/wp\/v2\/posts\/4283","targetHints":{"allow":["GET"]}}],"collection":[{"href":"https:\/\/cfepila.com\/index.php?rest_route=\/wp\/v2\/posts"}],"about":[{"href":"https:\/\/cfepila.com\/index.php?rest_route=\/wp\/v2\/types\/post"}],"author":[{"embeddable":true,"href":"https:\/\/cfepila.com\/index.php?rest_route=\/wp\/v2\/users\/1"}],"replies":[{"embeddable":true,"href":"https:\/\/cfepila.com\/index.php?rest_route=%2Fwp%2Fv2%2Fcomments&post=4283"}],"version-history":[{"count":2,"href":"https:\/\/cfepila.com\/index.php?rest_route=\/wp\/v2\/posts\/4283\/revisions"}],"predecessor-version":[{"id":4286,"href":"https:\/\/cfepila.com\/index.php?rest_route=\/wp\/v2\/posts\/4283\/revisions\/4286"}],"wp:featuredmedia":[{"embeddable":true,"href":"https:\/\/cfepila.com\/index.php?rest_route=\/wp\/v2\/media\/4284"}],"wp:attachment":[{"href":"https:\/\/cfepila.com\/index.php?rest_route=%2Fwp%2Fv2%2Fmedia&parent=4283"}],"wp:term":[{"taxonomy":"category","embeddable":true,"href":"https:\/\/cfepila.com\/index.php?rest_route=%2Fwp%2Fv2%2Fcategories&post=4283"},{"taxonomy":"post_tag","embeddable":true,"href":"https:\/\/cfepila.com\/index.php?rest_route=%2Fwp%2Fv2%2Ftags&post=4283"}],"curies":[{"name":"wp","href":"https:\/\/api.w.org\/{rel}","templated":true}]}}