{"id":4806,"date":"2024-09-11T12:34:26","date_gmt":"2024-09-11T12:34:26","guid":{"rendered":"https:\/\/cfepila.com\/?p=4806"},"modified":"2024-09-11T12:35:53","modified_gmt":"2024-09-11T12:35:53","slug":"%f0%9d%90%87%f0%9d%90%a8%f0%9d%90%a6%f0%9d%90%9e%f0%9d%90%a7%f0%9d%90%9a%f0%9d%90%a3%f0%9d%90%9e-%f0%9d%90%9a-%f0%9d%90%83%f0%9d%90%a8%f0%9d%90%a7-%f0%9d%90%8c%f0%9d%90%9a%f0%9d%90%ab%f0%9d%90%9c","status":"publish","type":"post","link":"https:\/\/cfepila.com\/?p=4806","title":{"rendered":"\ud835\udc07\ud835\udc28\ud835\udc26\ud835\udc1e\ud835\udc27\ud835\udc1a\ud835\udc23\ud835\udc1e \ud835\udc1a \ud835\udc03\ud835\udc28\ud835\udc27 \ud835\udc0c\ud835\udc1a\ud835\udc2b\ud835\udc1c\ud835\udc1e\ud835\udc25\ud835\udc28 \ud835\udc03\ud835\udc28\ud835\udc26\u00ed\ud835\udc27\ud835\udc20\ud835\udc2e\ud835\udc1e\ud835\udc33 \ud835\udc01\ud835\udc1a\ud835\udc25\ud835\udc25\ud835\udc1a\ud835\udc2b\u00ed\ud835\udc27"},"content":{"rendered":"\n<p>Homenaje a una persona que ha dejado una huella profunda y duradera en la historia de nuestra querida \u00c9pila: Don Marcelo Dom\u00ednguez Ballar\u00edn. A los 83 a\u00f1os, Marcelo nos ha dejado, pero su legado, su pasi\u00f3n y su dedicaci\u00f3n a nuestro pueblo permanecer\u00e1n con nosotros para siempre.<\/p>\n\n\n\n<p>Como jugador, Marcelo fue un ejemplo de entrega, esfuerzo y talento. En el terreno de juego, defendi\u00f3 los colores de nuestra <a><\/a>localidad con orgullo, poniendo siempre el coraz\u00f3n en cada partido. Pero su amor por el deporte no se detuvo ah\u00ed, ya que, una vez colgadas las botas, supo trasladar ese mismo \u00edmpetu y sabidur\u00eda al banquillo, convirti\u00e9ndose en un entrenador respetado y querido por todos. Muchos j\u00f3venes de \u00c9pila encontraron en \u00e9l no solo un maestro del f\u00fatbol, sino tambi\u00e9n un referente de valores como la constancia, el trabajo en equipo y la humildad.<\/p>\n\n\n\n<p>M\u00e1s all\u00e1 del campo de juego, Marcelo fue siempre un vecino ejemplar. Su compromiso con la comunidad y su cercan\u00eda lo convirtieron en una figura entra\u00f1able. Comparti\u00f3 su tiempo, su experiencia y su cari\u00f1o con todos los que lo conocieron. Siempre dispuesto a ayudar, siempre con una palabra amable, Marcelo fue el tipo de persona que hace de un pueblo un verdadero hogar.<\/p>\n\n\n\n<p>Gracias por tanto, siempre entre las Leyendas del Club\ud83d\udc99<\/p>\n","protected":false},"excerpt":{"rendered":"<p>Homenaje a una persona que ha dejado una huella profunda y duradera en la historia de nuestra querida \u00c9pila: Don Marcelo Dom\u00ednguez Ballar\u00edn. A los 83 a\u00f1os, Marcelo nos ha dejado, pero su legado, su pasi\u00f3n y su dedicaci\u00f3n a nuestro pueblo permanecer\u00e1n con nosotros para siempre. Como jugador, Marcelo fue un ejemplo de entrega,<a href=\"https:\/\/cfepila.com\/?p=4806\">[&#8230;]<\/a><\/p>\n","protected":false},"author":1,"featured_media":4424,"comment_status":"open","ping_status":"open","sticky":false,"template":"","format":"standard","meta":{"ngg_post_thumbnail":0,"jetpack_post_was_ever_published":false,"_jetpack_newsletter_access":"","_jetpack_dont_email_post_to_subs":false,"_jetpack_newsletter_tier_id":0,"_jetpack_memberships_contains_paywalled_content":false,"_jetpack_memberships_contains_paid_content":false,"footnotes":"","jetpack_publicize_message":"","jetpack_publicize_feature_enabled":false,"jetpack_social_post_already_shared":false,"jetpack_social_options":{"image_generator_settings":{"template":"highway","enabled":false},"version":2}},"categories":[565],"tags":[9,229,564],"class_list":["post-4806","post","type-post","status-publish","format-standard","has-post-thumbnail","hentry","category-homenaje","tag-cf-epila","tag-epila-2","tag--i-"],"jetpack_publicize_connections":[],"jetpack_featured_media_url":"https:\/\/i0.wp.com\/cfepila.com\/wp-content\/uploads\/2022\/08\/1CCFB62C-DC15-41AE-886B-08C7E6A6655B.webp?fit=220%2C273&ssl=1","jetpack_sharing_enabled":true,"jetpack_shortlink":"https:\/\/wp.me\/pa0Ojp-1fw","jetpack-related-posts":[],"jetpack_likes_enabled":true,"_links":{"self":[{"href":"https:\/\/cfepila.com\/index.php?rest_route=\/wp\/v2\/posts\/4806","targetHints":{"allow":["GET"]}}],"collection":[{"href":"https:\/\/cfepila.com\/index.php?rest_route=\/wp\/v2\/posts"}],"about":[{"href":"https:\/\/cfepila.com\/index.php?rest_route=\/wp\/v2\/types\/post"}],"author":[{"embeddable":true,"href":"https:\/\/cfepila.com\/index.php?rest_route=\/wp\/v2\/users\/1"}],"replies":[{"embeddable":true,"href":"https:\/\/cfepila.com\/index.php?rest_route=%2Fwp%2Fv2%2Fcomments&post=4806"}],"version-history":[{"count":2,"href":"https:\/\/cfepila.com\/index.php?rest_route=\/wp\/v2\/posts\/4806\/revisions"}],"predecessor-version":[{"id":4808,"href":"https:\/\/cfepila.com\/index.php?rest_route=\/wp\/v2\/posts\/4806\/revisions\/4808"}],"wp:featuredmedia":[{"embeddable":true,"href":"https:\/\/cfepila.com\/index.php?rest_route=\/wp\/v2\/media\/4424"}],"wp:attachment":[{"href":"https:\/\/cfepila.com\/index.php?rest_route=%2Fwp%2Fv2%2Fmedia&parent=4806"}],"wp:term":[{"taxonomy":"category","embeddable":true,"href":"https:\/\/cfepila.com\/index.php?rest_route=%2Fwp%2Fv2%2Fcategories&post=4806"},{"taxonomy":"post_tag","embeddable":true,"href":"https:\/\/cfepila.com\/index.php?rest_route=%2Fwp%2Fv2%2Ftags&post=4806"}],"curies":[{"name":"wp","href":"https:\/\/api.w.org\/{rel}","templated":true}]}}